{"id":2805,"date":"2023-02-09T11:28:35","date_gmt":"2023-02-09T14:28:35","guid":{"rendered":"http:\/\/www.rcub.com.br\/rcub\/?p=2805"},"modified":"2023-08-09T08:36:29","modified_gmt":"2023-08-09T11:36:29","slug":"curso-lingua-ucraniana-1o-semestre-2023","status":"publish","type":"post","link":"http:\/\/www.rcub.com.br\/rcub\/curso-lingua-ucraniana-1o-semestre-2023\/","title":{"rendered":"Curso Lingua Ucraniana-2\u00ba Semestre 2023"},"content":{"rendered":"\n<p>                            <strong>CURSOS DE L\u00cdNGUA UCRANIANA \u2013 SEGUNDO SEMESTRE DE 2023<\/strong><\/p>\n\n\n\n<p>     A Representa\u00e7\u00e3o Central Ucraniano Brasileira\/RCUB e o N\u00facleo de Estudos Eslavos\/NEES da UNICENTRO ofertam Cursos de L\u00edngua Ucraniana com carga hor\u00e1ria de 30 horas.<\/p>\n\n\n\n<p>     A data prevista para o in\u00edcio das aulas \u00e9 dia 05 de setembro de 2023.<\/p>\n\n\n\n<p>     O curso ser\u00e1 na modalidade <strong>online <\/strong>com atividades remotas s\u00edncronas e ass\u00edncronas.<\/p>\n\n\n\n<p><strong> <\/strong>                                <strong>PARA EFETIVAR A INSCRI\u00c7\u00c3O \u00c9 NECESS\u00c1RIO:<\/strong><\/p>\n\n\n\n<ol type=\"1\"><li>Efetuar a inscri\u00e7\u00e3o no site de eventos da UNICENTRO ( <a rel=\"noreferrer noopener\" href=\"https:\/\/evento.unicentro.br\/site\/cursolinguaucraniana\/2023\" target=\"_blank\">https:\/\/evento.unicentro.br\/site\/cursolinguaucraniana\/2023\/2<\/a> ) <\/li><li>Ap\u00f3s o recebimento da confirma\u00e7\u00e3o, efetuar o pagamento da matr\u00edcula (R$ 75,00) at\u00e9 dia <strong>21 de <\/strong>agosto 2023, \u00e0s 17h, e encaminhar a C\u00d3PIA DO COMPROVANTE DE DEP\u00d3SITO para o e-mail linguaculturaucraniana@gmail.com com c\u00f3pia para rcubmova@gmail.com<\/li><\/ol>\n\n\n\n<p><strong>                                                                  INVESTIMENTO:<\/strong><\/p>\n\n\n\n<p>Matr\u00edcula:\u00a0 R$ 75,00 (pagamento at\u00e9 <strong>25 de agosto<\/strong>\u00a0<\/p>\n\n\n\n<p>Mensalidade: Duas (2) parcelas de R$ 150,00:<\/p>\n\n\n\n<p>1\u00ba parcela com vencimento em 04\/09\/2023<\/p>\n\n\n\n<p>2\u00ba parcela com vencimento em 04\/10\/2023<\/p>\n\n\n\n<p>      O valor da matr\u00edcula e das demais parcelas dever\u00e1 ser<strong> depositado<\/strong> na conta da Representa\u00e7\u00e3o Central Ucraniano Brasileira:&nbsp;&nbsp;<\/p>\n\n\n\n<p>                                                                 CNPJ 78.774.668\/0001-83&nbsp;<\/p>\n\n\n\n<p>                                                             Banco: Caixa Econ\u00f4mica Federal&nbsp;<\/p>\n\n\n\n<p>\u00a0\u00a0\u00a0\u00a0\u00a0\u00a0\u00a0\u00a0\u00a0\u00a0\u00a0\u00a0\u00a0\u00a0\u00a0\u00a0\u00a0\u00a0\u00a0\u00a0\u00a0\u00a0\u00a0\u00a0\u00a0\u00a0\u00a0\u00a0\u00a0\u00a0\u00a0\u00a0\u00a0\u00a0\u00a0Ag\u00eancia 1628 Opera\u00e7\u00e3o 1388 Conta Poupan\u00e7a\u00a0 000739139791-2\u00a0<\/p>\n\n\n\n<p>                                                       O PIX \u00e9 o e-mail:&nbsp; <a href=\"mailto:rcubras@gmail.com\">rcubras@gmail.com<\/a><\/p>\n\n\n\n<p>                             <strong>Disciplinas ofertadas: L\u00edngua Ucraniana II, III e Lingua Ucraniana &#8211; Pr\u00e1ticas Sociais\u00a0\u00a0\u00a0\u00a0\u00a0<\/strong><\/p>\n\n\n\n<p>Modalidade: On-line&nbsp;&nbsp;&nbsp;<\/p>\n\n\n\n<p>Carga hor\u00e1ria total: 30h\/a<\/p>\n\n\n\n<p>Professora: Edina Smaha&nbsp;<\/p>\n\n\n\n<p>E-mail: <a href=\"mailto:linguaucraniana@gmail.com\">linguaucraniana@gmail.com<\/a>&nbsp;<\/p>\n\n\n\n<p><strong>CRONOGRAMA PARA O <\/strong><strong>N\u00cdVEL I<\/strong>I<\/p>\n\n\n\n<p><strong>Dia e hor\u00e1rio das aulas s\u00edncronas: <\/strong>Nas quintas-feiras das 20h30min \u00e0s 21h:50min<\/p>\n\n\n\n<figure class=\"wp-block-table\"><table><tbody><tr><td>SETEMBRO<\/td><td>OUTUBRO<\/td><td>NOVEMBRO<\/td><td>DEZEMBRO<\/td><\/tr><tr><td>05 19:30 Aula<br>Inaugural <br>07 feriado<br>14<br>21<br>28<\/td><td>05 <br>12 feriado <br>19<br>26 <\/td><td>02 feriado<br>9<br>16 <br>23<br>30<\/td><td>07 t\u00e9rmino<\/td><\/tr><\/tbody><\/table><\/figure>\n\n\n\n<p>ATEN\u00c7\u00c3O : SEMESTRE COM 3 FERIADOS <\/p>\n\n\n\n<ul><li>Foram adicionados 5 minutos para cada aula para cobrir um dos feriados<\/li><li>Combinar reposi\u00e7\u00e3o de 2 feriados<\/li><\/ul>\n\n\n\n<p><strong>CRONOGRAMA PARA O N\u00cdVEL II<\/strong>I<\/p>\n\n\n\n<p><strong>Dia e hor\u00e1rio das aulas s\u00edncronas: <\/strong>ter\u00e7as-feiras das 20h30min \u00e0s 21h:50min<\/p>\n\n\n\n<figure class=\"wp-block-table\"><table><tbody><tr><td>SETEMBRO<\/td><td>OUTUBRO<\/td><td>NOVEMBRO<\/td><td>DEZEMBRO<\/td><\/tr><tr><td>05 19:30 Aula<br>Inaugural <br>07 feriado<br>12<br>19<br>26<\/td><td>03<br>10 \u00a0\u00a0\u00a0 <br>17 <br>24<br>31<\/td><td>03<br>14 <br>16 <br>21 <br>28<\/td><td>05 \u00b4T\u00e9rmino<br><\/td><\/tr><\/tbody><\/table><\/figure>\n\n\n\n<ul><li>Foram adicionados 5 minutos para cada aula para adiantar a aula do dia 12 de dezembro.<\/li><\/ul>\n\n\n\n<p><strong>CRONOGRAMA PARA O <\/strong><strong>N\u00cdVEL I<\/strong>V<\/p>\n\n\n\n<p><strong>Dia e hor\u00e1rio das aulas s\u00edncronas: <\/strong>Nas quintas-feiras das 19h00 \u00e0s 20h:20min<\/p>\n\n\n\n<figure class=\"wp-block-table\"><table><tbody><tr><td>SETEMBRO<\/td><td>OUTUBRO<\/td><td>NOVEMBRO<\/td><td>DEZEMBRO<\/td><\/tr><tr><td>05 Aula Inaugural<br>7 feriado<br>14<br>21<br>28<\/td><td>05 <br>12 feriado <br>19<br>26 <\/td><td>02 feriado<br>9<br>16<br>23<br>30 <\/td><td>07 T\u00e9rmino<\/td><\/tr><\/tbody><\/table><\/figure>\n\n\n\n<p>ATEN\u00c7\u00c3O: SEMESTRE COM 3 FERIADOS<\/p>\n\n\n\n<p>*Foram adicionados 5 minutos para cada aula para cobrir um dos feriados<\/p>\n\n\n\n<ul><li>Combinar reposi\u00e7\u00e3o 2 feraidos <\/li><\/ul>\n\n\n\n<p><strong>LINGUA UCRANIANA &#8211; PRATICAS SOCIAIS \u00a0<\/strong><\/p>\n\n\n\n<p><strong>Dia e hor\u00e1rio das aulas s\u00edncronas: <\/strong>ter\u00e7as-feiras das 19h00 \u00e0s 20h:20min<\/p>\n\n\n\n<figure class=\"wp-block-table\"><table><tbody><tr><td>SETEMBRO<\/td><td>OUTUBRO<\/td><td>NOVEMBRO<\/td><td>DEZEMBRO<\/td><\/tr><tr><td>05 Aula Inaugural<br>12<br>19<br>26<\/td><td>03<br>10<br>17<br>24<br>31<\/td><td>07<br>14<br>21<br>28<\/td><td>05 T\u00e9rmino<br><\/td><\/tr><\/tbody><\/table><\/figure>\n","protected":false},"excerpt":{"rendered":"<p>CURSOS DE L\u00cdNGUA UCRANIANA \u2013 SEGUNDO SEMESTRE DE 2023 A Representa\u00e7\u00e3o Central Ucraniano Brasileira\/RCUB e o N\u00facleo de Estudos Eslavos\/NEES da UNICENTRO ofertam Cursos de L\u00edngua Ucraniana com carga hor\u00e1ria [&hellip;]<\/p>\n","protected":false},"author":1,"featured_media":2806,"comment_status":"open","ping_status":"open","sticky":false,"template":"","format":"standard","meta":[],"categories":[1],"tags":[],"_links":{"self":[{"href":"http:\/\/www.rcub.com.br\/rcub\/wp-json\/wp\/v2\/posts\/2805"}],"collection":[{"href":"http:\/\/www.rcub.com.br\/rcub\/wp-json\/wp\/v2\/posts"}],"about":[{"href":"http:\/\/www.rcub.com.br\/rcub\/wp-json\/wp\/v2\/types\/post"}],"author":[{"embeddable":true,"href":"http:\/\/www.rcub.com.br\/rcub\/wp-json\/wp\/v2\/users\/1"}],"replies":[{"embeddable":true,"href":"http:\/\/www.rcub.com.br\/rcub\/wp-json\/wp\/v2\/comments?post=2805"}],"version-history":[{"count":6,"href":"http:\/\/www.rcub.com.br\/rcub\/wp-json\/wp\/v2\/posts\/2805\/revisions"}],"predecessor-version":[{"id":2848,"href":"http:\/\/www.rcub.com.br\/rcub\/wp-json\/wp\/v2\/posts\/2805\/revisions\/2848"}],"wp:featuredmedia":[{"embeddable":true,"href":"http:\/\/www.rcub.com.br\/rcub\/wp-json\/wp\/v2\/media\/2806"}],"wp:attachment":[{"href":"http:\/\/www.rcub.com.br\/rcub\/wp-json\/wp\/v2\/media?parent=2805"}],"wp:term":[{"taxonomy":"category","embeddable":true,"href":"http:\/\/www.rcub.com.br\/rcub\/wp-json\/wp\/v2\/categories?post=2805"},{"taxonomy":"post_tag","embeddable":true,"href":"http:\/\/www.rcub.com.br\/rcub\/wp-json\/wp\/v2\/tags?post=2805"}],"curies":[{"name":"wp","href":"https:\/\/api.w.org\/{rel}","templated":true}]}}