{"id":2769,"date":"2022-08-08T10:57:22","date_gmt":"2022-08-08T13:57:22","guid":{"rendered":"http:\/\/www.rcub.com.br\/rcub\/?p=2769"},"modified":"2023-02-13T12:49:00","modified_gmt":"2023-02-13T15:49:00","slug":"cursos-de-lingua-ucraniana-segundo-semestre-2022","status":"publish","type":"post","link":"http:\/\/www.rcub.com.br\/rcub\/cursos-de-lingua-ucraniana-segundo-semestre-2022\/","title":{"rendered":"CURSOS DE LINGUA UCRANIANA &#8211; Primeiro Semestre 2023"},"content":{"rendered":"\n<figure class=\"wp-block-image size-full\"><a rel=\"lightbox[slb_2769]\" href=\"http:\/\/www.rcub.com.br\/rcub\/wp-content\/uploads\/2022\/08\/lingua-ucraniana-Copia.jpg\"><img loading=\"lazy\" width=\"450\" height=\"287\" src=\"http:\/\/www.rcub.com.br\/rcub\/wp-content\/uploads\/2022\/08\/lingua-ucraniana-Copia.jpg\" alt=\"\" class=\"wp-image-2772\" srcset=\"http:\/\/www.rcub.com.br\/rcub\/wp-content\/uploads\/2022\/08\/lingua-ucraniana-Copia.jpg 450w, http:\/\/www.rcub.com.br\/rcub\/wp-content\/uploads\/2022\/08\/lingua-ucraniana-Copia-300x191.jpg 300w\" sizes=\"(max-width: 450px) 100vw, 450px\" \/><\/a><\/figure>\n\n\n\n<p><\/p>\n\n\n\n<p><strong>CURSOS DE L\u00cdNGUA UCRANIANA \u2013PRIMEIRO SEMESTRE DE 2023<\/strong><\/p>\n\n\n\n<p>A Representa\u00e7\u00e3o Central Ucraniano Brasileira\/RCUB e o N\u00facleo de Estudos Eslavos\/NEES da UNICENTRO ofertam Cursos de L\u00edngua Ucraniana com carga hor\u00e1ria de 30 horas.<\/p>\n\n\n\n<p>A data prevista para o in\u00edcio das aulas \u00e9 dia 21 de mar\u00e7o de 2023.<\/p>\n\n\n\n<p>O curso ser\u00e1 na modalidade <strong>online <\/strong>com atividades remotas s\u00edncronas e ass\u00edncronas.<\/p>\n\n\n\n<p><strong>PARA EFETIVAR A INSCRI\u00c7\u00c3O \u00c9 NECESS\u00c1RIO:<\/strong><\/p>\n\n\n\n<ol type=\"1\"><li>Efetuar a inscri\u00e7\u00e3o no site de eventos da UNICENTRO ( <a rel=\"noreferrer noopener\" href=\"https:\/\/evento.unicentro.br\/site\/cursolinguaucraniana\/2023\" target=\"_blank\">https:\/\/evento.unicentro.br\/site\/cursolinguaucraniana\/2023<\/a> ) <\/li><li>Ap\u00f3s o recebimento da confirma\u00e7\u00e3o, efetuar o pagamento da matr\u00edcula (R$ 75,00) at\u00e9 dia <strong>02 de mar\u00e7o<\/strong> 2023, \u00e0s 17h, e encaminhar a C\u00d3PIA DO COMPROVANTE DE DEP\u00d3SITO para o e-mail linguaculturaucraniana@gmail.com com c\u00f3pia para rcublingua@gmail.com<\/li><\/ol>\n\n\n\n<p><strong>INVESTIMENTO:<\/strong><\/p>\n\n\n\n<p>Matr\u00edcula:&nbsp; R$ 75,00 (pagamento at\u00e9 <strong>2 de mar\u00e7o<\/strong>&nbsp;<\/p>\n\n\n\n<p>Mensalidade: Duas (2) parcelas de R$ 150,00:<\/p>\n\n\n\n<p>1\u00ba parcela com vencimento em 22<strong> de mar\u00e7o<\/strong><\/p>\n\n\n\n<p>2\u00ba parcela com vencimento em 22<strong> de abril<\/strong><\/p>\n\n\n\n<p>O valor da matr\u00edcula e das demais parcelas dever\u00e1 ser<strong> depositado<\/strong> na conta da Representa\u00e7\u00e3o Central Ucraniano Brasileira:&nbsp;&nbsp;<\/p>\n\n\n\n<p>                                   CNPJ 78.774.668\/0001-83\u00a0<\/p>\n\n\n\n<p>                                    Banco: Caixa Econ\u00f4mica Federal\u00a0<\/p>\n\n\n\n<p>&nbsp;&nbsp;&nbsp;&nbsp;&nbsp;&nbsp;&nbsp;&nbsp;&nbsp;&nbsp;&nbsp;&nbsp;&nbsp;&nbsp;&nbsp;&nbsp;&nbsp;&nbsp;&nbsp;&nbsp;&nbsp;&nbsp;&nbsp;&nbsp;&nbsp;&nbsp;&nbsp;&nbsp;&nbsp;&nbsp;&nbsp;&nbsp;&nbsp;&nbsp;&nbsp;Ag\u00eancia 1628 Opera\u00e7\u00e3o 1288 Conta Poupan\u00e7a&nbsp; 000739139791-2&nbsp;<\/p>\n\n\n\n<p>                                    O PIX \u00e9 o e-mail:\u00a0 <a href=\"mailto:rcubras@gmail.com\">rcubras@gmail.com<\/a><\/p>\n\n\n\n<p><strong>Disciplinas ofertadas: L\u00edngua Ucraniana I, II, III e Conversa\u00e7\u00e3o II&nbsp;&nbsp;&nbsp;&nbsp;&nbsp;<\/strong><\/p>\n\n\n\n<p>Modalidade: On-line&nbsp;&nbsp;&nbsp;<\/p>\n\n\n\n<p>Carga hor\u00e1ria total: 30h\/a<\/p>\n\n\n\n<p>Professora: Edina Smaha&nbsp;<\/p>\n\n\n\n<p>E-mail: <a href=\"mailto:linguaucraniana@gmail.com\">linguaucraniana@gmail.com<\/a>&nbsp;<\/p>\n\n\n\n<p><strong>CRONOGRAMA PARA O <\/strong><strong>N\u00cdVEL I<\/strong><\/p>\n\n\n\n<p><strong>Dia e hor\u00e1rio das aulas s\u00edncronas: <\/strong>Nas quintas-feiras das 20h30min \u00e0s 21h:45min<\/p>\n\n\n\n<figure class=\"wp-block-table\"><table><tbody><tr><td>MAR\u00c7O:<\/td><td>ABRIL<\/td><td>MAIO<\/td><td>JUNHO<\/td><\/tr><tr><td>23 <br>30<\/td><td>4 &#8211; aula inaugural <br>06 <br>13 <br>20 <br>27<\/td><td>4 <br>11 <br>18 <br>25<\/td><td>01 <br><strong>08 &#8211; feriado<\/strong> <br>15 <br>22&nbsp;&nbsp; <br>29<\/td><\/tr><\/tbody><\/table><\/figure>\n\n\n\n<p><strong>CRONOGRAMA PARA O <\/strong><strong>N\u00cdVEL II&nbsp;&nbsp;<\/strong><\/p>\n\n\n\n<p><strong>Dia e hor\u00e1rio das aulas s\u00edncronas: <\/strong>ter\u00e7as-feiras das 20h30min \u00e0s 21h:45min<\/p>\n\n\n\n<figure class=\"wp-block-table\"><table><tbody><tr><td>MAR\u00c7O:<\/td><td>ABRIL<\/td><td>MAIO<\/td><td>JUNHO<\/td><\/tr><tr><td>21&nbsp; <br>28<\/td><td>4 &#8211; aula inaugural <br>11 &nbsp;&nbsp;&nbsp; <br>18 <br>25<\/td><td>02 <br>09 <br>16 <br>23 <br>30<\/td><td>06 <br>13 <br>20 <br>27&nbsp;&nbsp;<\/td><\/tr><\/tbody><\/table><\/figure>\n\n\n\n<p><strong>CRONOGRAMA PARA O <\/strong><strong>N\u00cdVEL III<\/strong><\/p>\n\n\n\n<p><strong>Dia e hor\u00e1rio das aulas s\u00edncronas: <\/strong>Nas quintas-feiras das 19h00 \u00e0s 20h:15min<\/p>\n\n\n\n<figure class=\"wp-block-table\"><table><tbody><tr><td>MAR\u00c7O:<\/td><td>ABRIL<\/td><td>MAIO<\/td><td>JUNHO<\/td><\/tr><tr><td>23 <br>30<\/td><td>4 &#8211; aula inaugural <br>06 <br>13 <br>20 <br>27<\/td><td>4 <br>11 <br>18 <br>25<\/td><td>01 <br><strong>08 &#8211; feriado<\/strong> <br>15 <br>22&nbsp;&nbsp; <br>29<\/td><\/tr><\/tbody><\/table><\/figure>\n\n\n\n<p><strong>CRONOGRAMA PARA <\/strong><strong>&#8211; CONVERSA\u00c7\u00c3O II&nbsp;<\/strong><\/p>\n\n\n\n<p><strong>Dia e hor\u00e1rio das aulas s\u00edncronas: <\/strong>ter\u00e7as-feiras das 19h00 \u00e0s 20h:15min<\/p>\n\n\n\n<figure class=\"wp-block-table\"><table><tbody><tr><td>MAR\u00c7O:<\/td><td>ABRIL<\/td><td>MAIO<\/td><td>JUNHO<\/td><\/tr><tr><td>21&nbsp; <br>28<\/td><td>4- aula inaugural <br>11&nbsp; <br>18 <br>25&nbsp;&nbsp;&nbsp;&nbsp;<\/td><td>02<br>09 <br>16 <br>23 <br>30<\/td><td>06 <br>13 <br>20<br>27&nbsp;&nbsp;<\/td><\/tr><\/tbody><\/table><\/figure>\n\n\n\n<p><\/p>\n\n\n\n<p><\/p>\n\n\n<figure class=\"wp-block-post-featured-image\"><img width=\"800\" height=\"800\" src=\"http:\/\/www.rcub.com.br\/rcub\/wp-content\/uploads\/2022\/08\/alfabeto-ucraniano-2.jpg\" class=\"attachment-post-thumbnail size-post-thumbnail wp-post-image\" alt=\"\" loading=\"lazy\" srcset=\"http:\/\/www.rcub.com.br\/rcub\/wp-content\/uploads\/2022\/08\/alfabeto-ucraniano-2.jpg 800w, http:\/\/www.rcub.com.br\/rcub\/wp-content\/uploads\/2022\/08\/alfabeto-ucraniano-2-300x300.jpg 300w, http:\/\/www.rcub.com.br\/rcub\/wp-content\/uploads\/2022\/08\/alfabeto-ucraniano-2-610x610.jpg 610w, http:\/\/www.rcub.com.br\/rcub\/wp-content\/uploads\/2022\/08\/alfabeto-ucraniano-2-150x150.jpg 150w, http:\/\/www.rcub.com.br\/rcub\/wp-content\/uploads\/2022\/08\/alfabeto-ucraniano-2-768x768.jpg 768w, http:\/\/www.rcub.com.br\/rcub\/wp-content\/uploads\/2022\/08\/alfabeto-ucraniano-2-61x61.jpg 61w, http:\/\/www.rcub.com.br\/rcub\/wp-content\/uploads\/2022\/08\/alfabeto-ucraniano-2-45x45.jpg 45w, http:\/\/www.rcub.com.br\/rcub\/wp-content\/uploads\/2022\/08\/alfabeto-ucraniano-2-109x109.jpg 109w\" sizes=\"(max-width: 800px) 100vw, 800px\" \/><\/figure>\n\n<figure class=\"wp-block-post-featured-image\"><img width=\"800\" height=\"800\" src=\"http:\/\/www.rcub.com.br\/rcub\/wp-content\/uploads\/2022\/08\/alfabeto-ucraniano-2.jpg\" class=\"attachment-post-thumbnail size-post-thumbnail wp-post-image\" alt=\"\" loading=\"lazy\" srcset=\"http:\/\/www.rcub.com.br\/rcub\/wp-content\/uploads\/2022\/08\/alfabeto-ucraniano-2.jpg 800w, http:\/\/www.rcub.com.br\/rcub\/wp-content\/uploads\/2022\/08\/alfabeto-ucraniano-2-300x300.jpg 300w, http:\/\/www.rcub.com.br\/rcub\/wp-content\/uploads\/2022\/08\/alfabeto-ucraniano-2-610x610.jpg 610w, http:\/\/www.rcub.com.br\/rcub\/wp-content\/uploads\/2022\/08\/alfabeto-ucraniano-2-150x150.jpg 150w, http:\/\/www.rcub.com.br\/rcub\/wp-content\/uploads\/2022\/08\/alfabeto-ucraniano-2-768x768.jpg 768w, http:\/\/www.rcub.com.br\/rcub\/wp-content\/uploads\/2022\/08\/alfabeto-ucraniano-2-61x61.jpg 61w, http:\/\/www.rcub.com.br\/rcub\/wp-content\/uploads\/2022\/08\/alfabeto-ucraniano-2-45x45.jpg 45w, http:\/\/www.rcub.com.br\/rcub\/wp-content\/uploads\/2022\/08\/alfabeto-ucraniano-2-109x109.jpg 109w\" sizes=\"(max-width: 800px) 100vw, 800px\" \/><\/figure>","protected":false},"excerpt":{"rendered":"<p>CURSOS DE L\u00cdNGUA UCRANIANA \u2013PRIMEIRO SEMESTRE DE 2023 A Representa\u00e7\u00e3o Central Ucraniano Brasileira\/RCUB e o N\u00facleo de Estudos Eslavos\/NEES da UNICENTRO ofertam Cursos de L\u00edngua Ucraniana com carga hor\u00e1ria de [&hellip;]<\/p>\n","protected":false},"author":1,"featured_media":2776,"comment_status":"open","ping_status":"open","sticky":false,"template":"","format":"standard","meta":[],"categories":[1],"tags":[],"_links":{"self":[{"href":"http:\/\/www.rcub.com.br\/rcub\/wp-json\/wp\/v2\/posts\/2769"}],"collection":[{"href":"http:\/\/www.rcub.com.br\/rcub\/wp-json\/wp\/v2\/posts"}],"about":[{"href":"http:\/\/www.rcub.com.br\/rcub\/wp-json\/wp\/v2\/types\/post"}],"author":[{"embeddable":true,"href":"http:\/\/www.rcub.com.br\/rcub\/wp-json\/wp\/v2\/users\/1"}],"replies":[{"embeddable":true,"href":"http:\/\/www.rcub.com.br\/rcub\/wp-json\/wp\/v2\/comments?post=2769"}],"version-history":[{"count":16,"href":"http:\/\/www.rcub.com.br\/rcub\/wp-json\/wp\/v2\/posts\/2769\/revisions"}],"predecessor-version":[{"id":2817,"href":"http:\/\/www.rcub.com.br\/rcub\/wp-json\/wp\/v2\/posts\/2769\/revisions\/2817"}],"wp:featuredmedia":[{"embeddable":true,"href":"http:\/\/www.rcub.com.br\/rcub\/wp-json\/wp\/v2\/media\/2776"}],"wp:attachment":[{"href":"http:\/\/www.rcub.com.br\/rcub\/wp-json\/wp\/v2\/media?parent=2769"}],"wp:term":[{"taxonomy":"category","embeddable":true,"href":"http:\/\/www.rcub.com.br\/rcub\/wp-json\/wp\/v2\/categories?post=2769"},{"taxonomy":"post_tag","embeddable":true,"href":"http:\/\/www.rcub.com.br\/rcub\/wp-json\/wp\/v2\/tags?post=2769"}],"curies":[{"name":"wp","href":"https:\/\/api.w.org\/{rel}","templated":true}]}}