{"id":2703,"date":"2022-03-13T22:01:11","date_gmt":"2022-03-14T01:01:11","guid":{"rendered":"http:\/\/www.rcub.com.br\/rcub\/?p=2703"},"modified":"2022-03-13T22:01:28","modified_gmt":"2022-03-14T01:01:28","slug":"marca-pela-paz-dia-19-de-marco-em-curitiba","status":"publish","type":"post","link":"http:\/\/www.rcub.com.br\/rcub\/marca-pela-paz-dia-19-de-marco-em-curitiba\/","title":{"rendered":"MARCHA PELA PAZ DIA 19 DE MAR\u00c7O EM CURITIBA"},"content":{"rendered":"<div>*MARCHA PELA PAZ*<\/div>\n<div>Solidariedade \u00e0 Ucr\u00e2nia.<\/div>\n<div>Dia 19 de mar\u00e7o &#8211; s\u00e1bado &#8211;  Curitiba<\/div>\n<div>10:00 &#8211; Concentra\u00e7\u00e3o na Pra\u00e7a Santos Andrade<\/div>\n<div>10:30 &#8211; Caminhada at\u00e9 a Boca Maldita<\/div>\n<div>11:30 &#8211; Concentra\u00e7\u00e3o na Boca Maldita<\/div>\n<div>&#8211; Representa\u00e7\u00e3o Central Ucraniano Brasileira<\/div>\n<div>&#8211; Ordem dos Advogados do Brasil\/PR<\/div>\n<div>&#8211; Sociedade Ucraniana do Brasil<\/div>\n<div>&#8211; Clube Poltava<\/div>\n<div>_Comunidade Ucraniana: todos com trajes t\u00edpicos ou camisas bordadas._<\/div>\n<p><a rel=\"lightbox[slb_2703]\" href=\"http:\/\/www.rcub.com.br\/rcub\/wp-content\/uploads\/2022\/03\/marcha-pela-paz4.jpg\"><img loading=\"lazy\" class=\"alignright size-large wp-image-2704\" title=\"marcha pela paz\" src=\"http:\/\/www.rcub.com.br\/rcub\/wp-content\/uploads\/2022\/03\/marcha-pela-paz4-610x610.jpg\" alt=\"\" width=\"610\" height=\"610\" srcset=\"http:\/\/www.rcub.com.br\/rcub\/wp-content\/uploads\/2022\/03\/marcha-pela-paz4-610x610.jpg 610w, http:\/\/www.rcub.com.br\/rcub\/wp-content\/uploads\/2022\/03\/marcha-pela-paz4-150x150.jpg 150w, http:\/\/www.rcub.com.br\/rcub\/wp-content\/uploads\/2022\/03\/marcha-pela-paz4-300x300.jpg 300w, http:\/\/www.rcub.com.br\/rcub\/wp-content\/uploads\/2022\/03\/marcha-pela-paz4-61x61.jpg 61w, http:\/\/www.rcub.com.br\/rcub\/wp-content\/uploads\/2022\/03\/marcha-pela-paz4-45x45.jpg 45w, http:\/\/www.rcub.com.br\/rcub\/wp-content\/uploads\/2022\/03\/marcha-pela-paz4-109x109.jpg 109w, http:\/\/www.rcub.com.br\/rcub\/wp-content\/uploads\/2022\/03\/marcha-pela-paz4.jpg 1080w\" sizes=\"(max-width: 610px) 100vw, 610px\" \/><\/a><\/p>\n","protected":false},"excerpt":{"rendered":"<p>*MARCHA PELA PAZ* Solidariedade \u00e0 Ucr\u00e2nia. Dia 19 de mar\u00e7o &#8211; s\u00e1bado &#8211; Curitiba 10:00 &#8211; Concentra\u00e7\u00e3o na Pra\u00e7a Santos Andrade 10:30 &#8211; Caminhada at\u00e9 a Boca Maldita 11:30 &#8211; [&hellip;]<\/p>\n","protected":false},"author":1,"featured_media":2705,"comment_status":"open","ping_status":"open","sticky":false,"template":"","format":"standard","meta":[],"categories":[1],"tags":[22],"_links":{"self":[{"href":"http:\/\/www.rcub.com.br\/rcub\/wp-json\/wp\/v2\/posts\/2703"}],"collection":[{"href":"http:\/\/www.rcub.com.br\/rcub\/wp-json\/wp\/v2\/posts"}],"about":[{"href":"http:\/\/www.rcub.com.br\/rcub\/wp-json\/wp\/v2\/types\/post"}],"author":[{"embeddable":true,"href":"http:\/\/www.rcub.com.br\/rcub\/wp-json\/wp\/v2\/users\/1"}],"replies":[{"embeddable":true,"href":"http:\/\/www.rcub.com.br\/rcub\/wp-json\/wp\/v2\/comments?post=2703"}],"version-history":[{"count":3,"href":"http:\/\/www.rcub.com.br\/rcub\/wp-json\/wp\/v2\/posts\/2703\/revisions"}],"predecessor-version":[{"id":2707,"href":"http:\/\/www.rcub.com.br\/rcub\/wp-json\/wp\/v2\/posts\/2703\/revisions\/2707"}],"wp:featuredmedia":[{"embeddable":true,"href":"http:\/\/www.rcub.com.br\/rcub\/wp-json\/wp\/v2\/media\/2705"}],"wp:attachment":[{"href":"http:\/\/www.rcub.com.br\/rcub\/wp-json\/wp\/v2\/media?parent=2703"}],"wp:term":[{"taxonomy":"category","embeddable":true,"href":"http:\/\/www.rcub.com.br\/rcub\/wp-json\/wp\/v2\/categories?post=2703"},{"taxonomy":"post_tag","embeddable":true,"href":"http:\/\/www.rcub.com.br\/rcub\/wp-json\/wp\/v2\/tags?post=2703"}],"curies":[{"name":"wp","href":"https:\/\/api.w.org\/{rel}","templated":true}]}}