{"id":2693,"date":"2025-03-19T17:58:58","date_gmt":"2025-03-19T20:58:58","guid":{"rendered":"http:\/\/www.rcub.com.br\/rcub\/?p=2693"},"modified":"2025-03-19T17:58:58","modified_gmt":"2025-03-19T20:58:58","slug":"40-anos-da-representacao-central-ucraniano-brasileira","status":"publish","type":"post","link":"http:\/\/www.rcub.com.br\/rcub\/40-anos-da-representacao-central-ucraniano-brasileira\/","title":{"rendered":"40 Anos da Representa\u00e7\u00e3o Central Ucraniano Brasileira"},"content":{"rendered":"<div><\/div>\n<p><strong>40 ANOS DA REPRESENTA\u00c7\u00c3O CENTRAL UCRANIANO BRASILEIRA<\/strong><\/p>\n<p>Dia 23 de mar\u00e7o de 2025 \u2013 domingo \u2013 a Representa\u00e7\u00e3o Central Ucraniano Brasileira completa 40 anos de exist\u00eancia. A comunidade ucraniana criou organiza\u00e7\u00f5es e associa\u00e7\u00f5es desde o in\u00edcio da imigra\u00e7\u00e3o. A nossa mais antiga entidade j\u00e1 passou dos cem anos de exist\u00eancia. Entretanto, eram v\u00e1rias as entidades representando partes da comunidade. Viu-se, ent\u00e3o, nos anos 80, a necessidade de cria\u00e7\u00e3o de entidade que falasse por todos junto ao governo do Brasil e em sua representa\u00e7\u00e3o junto a comunidade ucraniana internacional.<\/p>\n<p>\u00c0 \u00e9poca ainda existiam alguns conflitos de car\u00e1ter pol\u00edtico e religioso no seio da comunidade. Por isso, foi necess\u00e1rio buscar uma lideran\u00e7a que pudesse ser reconhecida por todos. E esse papel coube ao Doutor Afonso Antoniuk, m\u00e9dico renomado, origin\u00e1rio de Prudent\u00f3polis, que al\u00e9m de ser reconhecido por todos tinha uma proje\u00e7\u00e3o muito grande na sociedade paranaense. Cabe destacar no trabalho da unidade da comunidade o papel do Bispo Dom Efraim Basilio Krevei da igreja greco cat\u00f3lica e pelo lado da Igreja ortodoxa ucraniana do Padre Nicolas Melus. Contou a funda\u00e7\u00e3o da Representa\u00e7\u00e3o Central tamb\u00e9m com o impulso externo, com a presen\u00e7a do Presidente do Congresso Mundial dos Ucranianos Doutor Peter Savaryn. O Doutor Afonso Antoniuk dirigiu a Representa\u00e7\u00e3o Central de 23\/03\/1985 a 7\/10\/1989.<\/p>\n<p>Consta do artigo 46 do estatuto de funda\u00e7\u00e3o da Representa\u00e7\u00e3o Central Ucraniano-Brasileira cuja Assembl\u00e9ia Geral foi realizada em 23.03.1985 que Dom Efraim Basilio Krevey, Nicolas Melus, Nadia Kerecuk, Miguel Rubinets, Hilario Besrutchka, Bogdan Savytzky, Regina Rubinetz, Wasyl Czmyr, Eugenia Bokalowski Mazepa, Peter Jedyn, Ivan Mykolich, Nicolau Hec, Oleg Shymanskyj, Jo\u00e3o Kindra, Bodan Bilynski, Nicolau Dirjawoj, Afonso Antoniuk, Ewaldo Podolan, Peter Savaryn e Olga Savarin participaram da Assembl\u00e9ia Preliminar de 8 de Janeiro de 1985 que teve lugar \u00e0 Rua Augusto Stellfeld, 799, em Curitiba, Paran\u00e1, que elegeu a Comiss\u00e3o Estatut\u00e1ria e decidiu pela cria\u00e7\u00e3o da Representa\u00e7\u00e3o Central Ucraniano-Brasileira. Participou da Assembleia Preliminar de funda\u00e7\u00e3o da entidade, realizada em 23.03.1985, Peter Savaryn Presidente do Secretariado dos Ucranianos Livres e sua esposa Olga Savaryn.<\/p>\n<p>A Representa\u00e7\u00e3o Central Ucraniano Brasileira tem por finalidades: a) Representar perante autoridades e institui\u00e7\u00f5es p\u00fablicas e privadas, no Brasil e no exterior, a comunidade ucraniano-brasileira; b)\u00a0\u00a0\u00a0\u00a0\u00a0\u00a0 Aconselhar, colaborar e participar com as entidades da comunidade ucraniana no Brasil, na I. promo\u00e7\u00e3o da assist\u00eancia social; II. promo\u00e7\u00e3o da cultura, defesa e conserva\u00e7\u00e3o do patrim\u00f4nio hist\u00f3rico e art\u00edstico; III. promo\u00e7\u00e3o do desenvolvimento econ\u00f4mico e social e combate \u00e0 pobreza; c) Colaborar para o estreitamento das rela\u00e7\u00f5es dos povos e governos do Brasil e da Ucr\u00e2nia; d)\u00a0\u00a0\u00a0\u00a0 Colaborar para o estreitamento de rela\u00e7\u00f5es e interc\u00e2mbio entre as comunidades ucranianas da di\u00e1spora; e) Reivindicar atrav\u00e9s de todos os meios legais os interesses da comunidade ucraniano-brasileira. IV \u2013 Propugnar pela independ\u00eancia nacional; pela paz, pela autodetermina\u00e7\u00e3o dos povos, n\u00e3o-interven\u00e7\u00e3o, igualdade entre os Estados, rep\u00fadio ao terrorismo e ao racismo e a coopera\u00e7\u00e3o entre os povos para o progresso da humanidade.<\/p>\n<p>O segundo presidente foi Mariano Czaikowski que dirigiu a Representa\u00e7\u00e3o Central Ucraniano-Brasileira no per\u00edodo de 7\/10\/1989 a 19\/12\/1992. Peter Jedyn presidiu a Representa\u00e7\u00e3o Central Ucraniano-Brasileira no per\u00edodo de 19\/12\/1992 a 8\/04\/1995. Jose Welgacz Junior presidiu a Representa\u00e7\u00e3o Central Ucraniano-Brasileira no per\u00edodo de 8\/04\/1995 a 29\/11\/2002. O atual presidente \u00e9 o advogado Vitorio Sorotiuk desde 29\/11\/2002, estando prevista a elei\u00e7\u00e3o de nova diretoria em data de 23.03.2025.<\/p>\n<p>Ap\u00f3s a gest\u00e3o de Afonso Antoniuk que uniu a comunidade, em 07.10.1989, foi eleito presidente o sr. Mariano Czaikowski. Em sua gest\u00e3o, se deu in\u00edcio \u00e0s rela\u00e7\u00f5es da comunidade ucraniana do Brasil com a Ucr\u00e2nia e onde dois grandes atos simb\u00f3licos tiveram lugar: no dia 24 de agosto de 1991, a comunidade ocupou a Pra\u00e7a da Ucr\u00e2nia, em Curitiba, para saudar a independ\u00eancia; e no dia 1\u00ba de dezembro de 1991 realizou-se um plebiscito simb\u00f3lico para referendar a independ\u00eancia, na mesma data em que ocorreu o <em>referendum<\/em> na Ucr\u00e2nia. \u00c0 \u00e9poca se deu in\u00edcio \u00e0 organiza\u00e7\u00e3o de viagens coletivas de membros da comunidade ucraniana brasileira \u00e0 terra de seus antepassados, agora livre, independente e soberana; a recep\u00e7\u00e3o de autoridades ucranianas no Brasil e a busca de instala\u00e7\u00e3o de embaixadas em ambos os pa\u00edses e de um consulado da Ucr\u00e2nia em Curitiba.<\/p>\n<p>Deu sequ\u00eancia \u00e0s atividades o engenheiro agr\u00f4nomo Peter Jedyn, na gest\u00e3o de 19.12.1992 a 8.04.1995. A gest\u00e3o seguinte de Jose Welgacz Junior ficou marcada pela solidariedade com as v\u00edtimas do acidente nuclear da usina nuclear de Tchernobyl. Se organizou a recep\u00e7\u00e3o de crian\u00e7as ucranianas v\u00edtimas de radia\u00e7\u00e3o para tratamento no Hospital Evang\u00e9lico; e depois o treinamento de m\u00e9dicos no Hospital de Cl\u00ednicas do Paran\u00e1 para o transplante de medula \u00f3ssea, al\u00e9m de outras atividades.<\/p>\n<p>A partir de 29.11.2002, tem in\u00edcio a atual gest\u00e3o, tendo a frente Vitorio Sorotiuk como presidente at\u00e9 os dias atuais. Nesse per\u00edodo, se intensificou a preocupa\u00e7\u00e3o com o ensino da l\u00edngua ucraniana; o reconhecimento do Holodomor como genoc\u00eddio contra o povo ucraniano; a obten\u00e7\u00e3o de bolsas de estudo na Ucr\u00e2nia para cursos culturais e para a forma\u00e7\u00e3o acad\u00eamica; a expans\u00e3o da representa\u00e7\u00e3o para o interior e o Estado de Santa Catarina; a realiza\u00e7\u00e3o de encontros latino-americanos de ucranianos; o estreitamento da representa\u00e7\u00e3o ucraniano brasileira com as representa\u00e7\u00f5es dos ucranianos em outros pa\u00edses; o incentivo a estudos e pesquisas e publica\u00e7\u00f5es sobre a comunidade ucraniana e sua cultura; as comemora\u00e7\u00f5es dos 120 e 130 anos da imigra\u00e7\u00e3o ucraniana no Brasil; e, ap\u00f3s a invas\u00e3o militar da R\u00fassia \u00e0 Ucr\u00e2nia, a organiza\u00e7\u00e3o da solidariedade com a constitui\u00e7\u00e3o do Comit\u00ea Humanitas Brasil Ucr\u00e2nia.<\/p>\n<p>Nos seus 40 anos de exist\u00eancia podemos afirmar que a Representa\u00e7\u00e3o Central Ucraniana Brasileira vem cumprindo com as suas finalidades. N\u00e3o \u00e9 f\u00e1cil o trabalho que se desenvolve sempre por volunt\u00e1rios, que exercem suas atividades profissionais ao memo tempo, com recursos financeiros limitados, mas o resultado \u00e9 que a comunidade ucraniana brasileira tem express\u00e3o no Brasil, junto a comunidade ucraniana internacional e na Ucr\u00e2nia.<\/p>\n<p>Vit\u00f3rio Sorotiuk<\/p>\n<p>Presidente da Representa\u00e7\u00e3o Central Ucraniano Brasileira<\/p>\n<p><a rel=\"lightbox[slb_2693]\" href=\"http:\/\/www.rcub.com.br\/rcub\/wp-content\/uploads\/2022\/03\/logo_rcub.png\"><img loading=\"lazy\" class=\"alignright size-full wp-image-2755\" src=\"http:\/\/www.rcub.com.br\/rcub\/wp-content\/uploads\/2022\/03\/logo_rcub.png\" alt=\"\" width=\"152\" height=\"110\" srcset=\"http:\/\/www.rcub.com.br\/rcub\/wp-content\/uploads\/2022\/03\/logo_rcub.png 152w, http:\/\/www.rcub.com.br\/rcub\/wp-content\/uploads\/2022\/03\/logo_rcub-150x110.png 150w, http:\/\/www.rcub.com.br\/rcub\/wp-content\/uploads\/2022\/03\/logo_rcub-130x94.png 130w\" sizes=\"(max-width: 152px) 100vw, 152px\" \/><\/a><\/p>\n","protected":false},"excerpt":{"rendered":"<p>40 ANOS DA REPRESENTA\u00c7\u00c3O CENTRAL UCRANIANO BRASILEIRA Dia 23 de mar\u00e7o de 2025 \u2013 domingo \u2013 a Representa\u00e7\u00e3o Central Ucraniano Brasileira completa 40 anos de exist\u00eancia. A comunidade ucraniana criou [&hellip;]<\/p>\n","protected":false},"author":1,"featured_media":2755,"comment_status":"open","ping_status":"open","sticky":true,"template":"","format":"standard","meta":[],"categories":[1],"tags":[],"_links":{"self":[{"href":"http:\/\/www.rcub.com.br\/rcub\/wp-json\/wp\/v2\/posts\/2693"}],"collection":[{"href":"http:\/\/www.rcub.com.br\/rcub\/wp-json\/wp\/v2\/posts"}],"about":[{"href":"http:\/\/www.rcub.com.br\/rcub\/wp-json\/wp\/v2\/types\/post"}],"author":[{"embeddable":true,"href":"http:\/\/www.rcub.com.br\/rcub\/wp-json\/wp\/v2\/users\/1"}],"replies":[{"embeddable":true,"href":"http:\/\/www.rcub.com.br\/rcub\/wp-json\/wp\/v2\/comments?post=2693"}],"version-history":[{"count":1,"href":"http:\/\/www.rcub.com.br\/rcub\/wp-json\/wp\/v2\/posts\/2693\/revisions"}],"predecessor-version":[{"id":2860,"href":"http:\/\/www.rcub.com.br\/rcub\/wp-json\/wp\/v2\/posts\/2693\/revisions\/2860"}],"wp:featuredmedia":[{"embeddable":true,"href":"http:\/\/www.rcub.com.br\/rcub\/wp-json\/wp\/v2\/media\/2755"}],"wp:attachment":[{"href":"http:\/\/www.rcub.com.br\/rcub\/wp-json\/wp\/v2\/media?parent=2693"}],"wp:term":[{"taxonomy":"category","embeddable":true,"href":"http:\/\/www.rcub.com.br\/rcub\/wp-json\/wp\/v2\/categories?post=2693"},{"taxonomy":"post_tag","embeddable":true,"href":"http:\/\/www.rcub.com.br\/rcub\/wp-json\/wp\/v2\/tags?post=2693"}],"curies":[{"name":"wp","href":"https:\/\/api.w.org\/{rel}","templated":true}]}}