{"id":2662,"date":"2022-03-10T09:45:39","date_gmt":"2022-03-10T12:45:39","guid":{"rendered":"http:\/\/www.rcub.com.br\/rcub\/?p=2662"},"modified":"2022-03-13T20:31:39","modified_gmt":"2022-03-13T23:31:39","slug":"curso-de-lingua-ucraniana-primeiro-semestre-2022","status":"publish","type":"post","link":"http:\/\/www.rcub.com.br\/rcub\/curso-de-lingua-ucraniana-primeiro-semestre-2022\/","title":{"rendered":"Curso de L\u00edngua Ucraniana Primeiro Semestre 2022"},"content":{"rendered":"<p><strong>CURSOS DE L\u00cdNGUA UCRANIANA \u2013 PRIMEIRO SEMESTRE DE 2022<\/strong><\/p>\n<p>A Representa\u00e7\u00e3o Central Ucraniano Brasileira\/RCUB e O N\u00facleo de Estudos Eslavos\/NEEs da Unicentro ofertam Cursos de L\u00edngua Ucraniana com carga hor\u00e1ria de 30 horas.<\/p>\n<p>A data prevista para o in\u00edcio das aulas \u00e9 dia 31 de mar\u00e7o de 2022 com palestra inaugural.<\/p>\n<p>O curso ser\u00e1 na modalidade ONLINE com atividades remotas s\u00edncronas e ass\u00edncronas.<\/p>\n<p>&nbsp;<\/p>\n<p><strong>PARA EFETIVAR A INSCRI\u00c7\u00c3O \u00c9 NECESS\u00c1RIO:<\/strong><\/p>\n<p>1) \u00a0Efetuar a inscri\u00e7\u00e3o no site de eventos da UNICENTRO: https:\/\/evento.unicentro.br\/site\/cursolinguaucraniana\/2022\/1<\/p>\n<p>2) Ap\u00f3s o recebimento da confirma\u00e7\u00e3o, efetuar o pagamento da matr\u00edcula (R$ 75,00) at\u00e9 dia 31 de mar\u00e7o de 2022 (quinta-feira), \u00e0s 17h, e encaminhar a C\u00d3PIA DO COMPROVANTE DE DEP\u00d3SITO para o e-mail linguaculturaucraniana@gmail.com com c\u00f3pia para rcublingua<a href=\"mailto:rcubras@gmail.com\">@gmail.com<\/a><\/p>\n<p>l<\/p>\n<p><strong>INVESTIMENTO: <\/strong><\/p>\n<p>Matr\u00edcula:\u00a0 R$ 75,00 (pagamento at\u00e9 31\/03\/2022).<\/p>\n<p>Mensalidade: Duas (2) parcelas de R$ 150,00:<\/p>\n<p>1\u00ba parcela com vencimento em 05 DE ABRIL<\/p>\n<p>2\u00ba parcela com vencimento em 05 DE MAIO<\/p>\n<p>&nbsp;<\/p>\n<p>O valor da matr\u00edcula e das demais parcelas dever\u00e3o ser depositado na conta da Representa\u00e7\u00e3o Central Ucraniano Brasileira:<\/p>\n<p>CNPJ 78.774.668\/0001-83<\/p>\n<p>Banco: Caixa Econ\u00f4mica Federal<\/p>\n<p>Ag\u00eancia 1628 &#8211; 15715-4 (Opera\u00e7\u00e3o 013 \u2013 Conta Poupan\u00e7a)<\/p>\n<p>O PIX \u00e9 o e-mail:\u00a0 rcubras@gmail.com<\/p>\n<p><strong>Disciplina ofertadas: L\u00edngua Ucraniana I, III, IV e V.<\/strong><\/p>\n<p><strong>Modalidade: On-line <\/strong><\/p>\n<p><strong>Carga hor\u00e1ria total: 30h\/a<\/strong><\/p>\n<p><strong>Professora: Edina Smaha <\/strong><\/p>\n<p><strong>E-mail: <\/strong><a href=\"mailto:linguaucraniana@gmail.com\"><strong>linguaculturaucraniana@gmail.com<\/strong><\/a><strong> <\/strong><\/p>\n<p><strong>Palestrantes da aula inaugural \u2013 Loremi Loregian Penkal e Juvenal Jorge Dal Castel <\/strong><\/p>\n<p><strong> <\/strong><\/p>\n<p><strong>CRONOGRAMA PARA\u00a0 O NIVEL\u00a0 I <\/strong><strong> <\/strong><\/p>\n<p><strong>Dia e hor\u00e1rio das aulas s\u00edncronas: N<\/strong>as quintas-feiras das 19h00 \u00e0s 20h:20min<strong> <\/strong><\/p>\n<table border=\"1\" cellspacing=\"0\" cellpadding=\"0\">\n<tbody>\n<tr>\n<td width=\"136\" valign=\"top\">MAR\u00c7O:&nbsp;<\/p>\n<p>&nbsp;<\/td>\n<td width=\"123\" valign=\"top\">ABRIL&nbsp;<\/p>\n<p>&nbsp;<\/td>\n<td width=\"123\" valign=\"top\">MAIO<\/td>\n<td width=\"131\" valign=\"top\">JUNHO&nbsp;<\/p>\n<p>&nbsp;<\/td>\n<td width=\"111\" valign=\"top\">JULHO<\/td>\n<\/tr>\n<tr>\n<td width=\"136\" valign=\"top\">31 &#8211; IN\u00cdCIO COM AULA INAUGURAL&nbsp;<\/p>\n<p>\u00c0S<\/p>\n<p>20h00<\/td>\n<td width=\"123\" valign=\"top\">07&nbsp;<\/p>\n<p>14<\/p>\n<p>21- FERIADO*<\/p>\n<p>28<\/p>\n<p>&nbsp;<\/td>\n<td width=\"123\" valign=\"top\">05&nbsp;<\/p>\n<p>12<\/p>\n<p>19<\/p>\n<p>26<\/p>\n<p>&nbsp;<\/td>\n<td width=\"131\" valign=\"top\">02&nbsp;<\/p>\n<p>09<\/p>\n<p>16 &#8211; FERIADO<\/p>\n<p>23<\/p>\n<p>30\u00a0 &#8211;<\/td>\n<td width=\"111\" valign=\"top\">07 &#8211; T\u00c9RMINO<\/td>\n<\/tr>\n<\/tbody>\n<\/table>\n<p>Foram adicionados 5 minutos extras para cobrir este feriado.<\/p>\n<p><strong>CRONOGRAMA PARA O NIVEL III<\/strong><\/p>\n<p><strong>Dia e hor\u00e1rio das aulas s\u00edncronas: <\/strong>Nas quintas-feiras das 20h30min \u00e0s 21h:50min<\/p>\n<table border=\"1\" cellspacing=\"0\" cellpadding=\"0\">\n<tbody>\n<tr>\n<td width=\"136\" valign=\"top\">MAR\u00c7O:&nbsp;<\/p>\n<p>&nbsp;<\/td>\n<td width=\"123\" valign=\"top\">ABRIL&nbsp;<\/p>\n<p>&nbsp;<\/td>\n<td width=\"123\" valign=\"top\">MAIO<\/td>\n<td width=\"131\" valign=\"top\">JUNHO&nbsp;<\/p>\n<p>&nbsp;<\/td>\n<td width=\"111\" valign=\"top\">JULHO<\/td>\n<\/tr>\n<tr>\n<td width=\"136\" valign=\"top\">31 &#8211; IN\u00cdCIO COM AULA INAUGURAL&nbsp;<\/p>\n<p>\u00c0S<\/p>\n<p>20h00<\/td>\n<td width=\"123\" valign=\"top\">07&nbsp;<\/p>\n<p>14<\/p>\n<p>21 \u2013 FERIADO*<\/p>\n<p>28<\/p>\n<p>&nbsp;<\/td>\n<td width=\"123\" valign=\"top\">05&nbsp;<\/p>\n<p>12<\/p>\n<p>19<\/p>\n<p>26<\/p>\n<p>&nbsp;<\/td>\n<td width=\"131\" valign=\"top\">02&nbsp;<\/p>\n<p>09<\/p>\n<p>16 &#8211; FERIADO<\/p>\n<p>23<\/p>\n<p>30\u00a0 &#8211;<\/td>\n<td width=\"111\" valign=\"top\">07 &#8211; T\u00c9RMINO<\/td>\n<\/tr>\n<\/tbody>\n<\/table>\n<p>Foram adicionados 5 minutos extras para cobrir este feriado.<\/p>\n<p><strong>CRONOGRAMA PARA O NIVEL IV<\/strong><\/p>\n<p><strong>Dia e hor\u00e1rio das aulas s\u00edncronas: <\/strong>ter\u00e7as-feiras das 19h00 \u00e0s 20h:15min<\/p>\n<p>&nbsp;<\/p>\n<table border=\"1\" cellspacing=\"0\" cellpadding=\"0\">\n<tbody>\n<tr>\n<td width=\"156\" valign=\"top\">MAR\u00c7O:&nbsp;<\/p>\n<p>&nbsp;<\/td>\n<td width=\"156\" valign=\"top\">ABRIL&nbsp;<\/p>\n<p>&nbsp;<\/td>\n<td width=\"156\" valign=\"top\">MAIO<\/td>\n<td width=\"156\" valign=\"top\">JUNHO&nbsp;<\/p>\n<p>&nbsp;<\/td>\n<\/tr>\n<tr>\n<td width=\"156\" valign=\"top\">31 &#8211; IN\u00cdCIO COM AULA INAUGURAL&nbsp;<\/p>\n<p>\u00c0S<\/p>\n<p>20h00<\/p>\n<p>&nbsp;<\/td>\n<td width=\"156\" valign=\"top\">05&nbsp;<\/p>\n<p>12<\/p>\n<p>19<\/p>\n<p>26<\/p>\n<p>&nbsp;<\/td>\n<td width=\"156\" valign=\"top\">03&nbsp;<\/p>\n<p>10<\/p>\n<p>17<\/p>\n<p>24<\/p>\n<p>31<\/td>\n<td width=\"156\" valign=\"top\">07&nbsp;<\/p>\n<p>14<\/p>\n<p>21<\/p>\n<p>28 &#8211; T\u00c9RMINO<\/td>\n<\/tr>\n<\/tbody>\n<\/table>\n<p>&nbsp;<\/p>\n<p><strong>CRONOGRAMA PARA O NIVEL V <\/strong><strong> <\/strong><\/p>\n<p><strong>Dia e hor\u00e1rio das aulas s\u00edncronas: <\/strong>ter\u00e7as-feiras das 20h30min \u00e0s 21h:45min<\/p>\n<table border=\"1\" cellspacing=\"0\" cellpadding=\"0\">\n<tbody>\n<tr>\n<td width=\"156\" valign=\"top\">MAR\u00c7O:&nbsp;<\/p>\n<p>&nbsp;<\/td>\n<td width=\"156\" valign=\"top\">ABRIL&nbsp;<\/p>\n<p>&nbsp;<\/td>\n<td width=\"156\" valign=\"top\">MAIO<\/td>\n<td width=\"156\" valign=\"top\">JUNHO&nbsp;<\/p>\n<p>&nbsp;<\/td>\n<\/tr>\n<tr>\n<td width=\"156\" valign=\"top\">31 &#8211; IN\u00cdCIO COM AULA INAUGURAL&nbsp;<\/p>\n<p>\u00c0S<\/p>\n<p>20h00<\/p>\n<p>&nbsp;<\/td>\n<td width=\"156\" valign=\"top\">05&nbsp;<\/p>\n<p>12<\/p>\n<p>19<\/p>\n<p>26<\/p>\n<p>&nbsp;<\/td>\n<td width=\"156\" valign=\"top\">03&nbsp;<\/p>\n<p>10<\/p>\n<p>17<\/p>\n<p>24<\/p>\n<p>31<\/td>\n<td width=\"156\" valign=\"top\">07&nbsp;<\/p>\n<p>14<\/p>\n<p>21<\/p>\n<p>28 &#8211; T\u00c9RMINO<\/p>\n<p>&nbsp;<\/td>\n<\/tr>\n<\/tbody>\n<\/table>\n<p><strong> <\/strong><\/p>\n<p>&nbsp;<\/p>\n","protected":false},"excerpt":{"rendered":"<p>CURSOS DE L\u00cdNGUA UCRANIANA \u2013 PRIMEIRO SEMESTRE DE 2022 A Representa\u00e7\u00e3o Central Ucraniano Brasileira\/RCUB e O N\u00facleo de Estudos Eslavos\/NEEs da Unicentro ofertam Cursos de L\u00edngua Ucraniana com carga hor\u00e1ria [&hellip;]<\/p>\n","protected":false},"author":1,"featured_media":2684,"comment_status":"open","ping_status":"open","sticky":false,"template":"","format":"standard","meta":[],"categories":[1],"tags":[22],"_links":{"self":[{"href":"http:\/\/www.rcub.com.br\/rcub\/wp-json\/wp\/v2\/posts\/2662"}],"collection":[{"href":"http:\/\/www.rcub.com.br\/rcub\/wp-json\/wp\/v2\/posts"}],"about":[{"href":"http:\/\/www.rcub.com.br\/rcub\/wp-json\/wp\/v2\/types\/post"}],"author":[{"embeddable":true,"href":"http:\/\/www.rcub.com.br\/rcub\/wp-json\/wp\/v2\/users\/1"}],"replies":[{"embeddable":true,"href":"http:\/\/www.rcub.com.br\/rcub\/wp-json\/wp\/v2\/comments?post=2662"}],"version-history":[{"count":16,"href":"http:\/\/www.rcub.com.br\/rcub\/wp-json\/wp\/v2\/posts\/2662\/revisions"}],"predecessor-version":[{"id":2698,"href":"http:\/\/www.rcub.com.br\/rcub\/wp-json\/wp\/v2\/posts\/2662\/revisions\/2698"}],"wp:featuredmedia":[{"embeddable":true,"href":"http:\/\/www.rcub.com.br\/rcub\/wp-json\/wp\/v2\/media\/2684"}],"wp:attachment":[{"href":"http:\/\/www.rcub.com.br\/rcub\/wp-json\/wp\/v2\/media?parent=2662"}],"wp:term":[{"taxonomy":"category","embeddable":true,"href":"http:\/\/www.rcub.com.br\/rcub\/wp-json\/wp\/v2\/categories?post=2662"},{"taxonomy":"post_tag","embeddable":true,"href":"http:\/\/www.rcub.com.br\/rcub\/wp-json\/wp\/v2\/tags?post=2662"}],"curies":[{"name":"wp","href":"https:\/\/api.w.org\/{rel}","templated":true}]}}