{"id":2558,"date":"2012-04-05T22:59:54","date_gmt":"2012-04-06T01:59:54","guid":{"rendered":"http:\/\/www.rcub.com.br\/rcub\/?p=2558"},"modified":"2012-04-06T10:15:44","modified_gmt":"2012-04-06T13:15:44","slug":"o-adeus-a-dom-efraim-basilio-krevey","status":"publish","type":"post","link":"http:\/\/www.rcub.com.br\/rcub\/o-adeus-a-dom-efraim-basilio-krevey\/","title":{"rendered":"O ADEUS A DOM EFRAIM BASILIO KREVEY."},"content":{"rendered":"<p><a rel=\"lightbox[slb_2558]\" href=\"http:\/\/www.rcub.com.br\/rcub\/wp-content\/uploads\/2012\/04\/DSC_0084-1024x680.jpg\"><img loading=\"lazy\" class=\"aligncenter size-large wp-image-2560\" title=\"DSC_0084 (1024x680)\" src=\"http:\/\/www.rcub.com.br\/rcub\/wp-content\/uploads\/2012\/04\/DSC_0084-1024x680-610x405.jpg\" alt=\"\" width=\"610\" height=\"405\" srcset=\"http:\/\/www.rcub.com.br\/rcub\/wp-content\/uploads\/2012\/04\/DSC_0084-1024x680-610x405.jpg 610w, http:\/\/www.rcub.com.br\/rcub\/wp-content\/uploads\/2012\/04\/DSC_0084-1024x680-300x199.jpg 300w, http:\/\/www.rcub.com.br\/rcub\/wp-content\/uploads\/2012\/04\/DSC_0084-1024x680.jpg 1024w\" sizes=\"(max-width: 610px) 100vw, 610px\" \/><\/a>A comunidade ucraniana brasileira entrestecida deu adeus a Dom Basilio Efraim Krevey Bispo Em\u00e9rito da Igreja Greco Cat\u00f3lica Ucraniana em comovente cerim\u00f4nia na Igreja de S\u00e3o Jo\u00e3o Batista em Curitiba no dia 04 de Abril.<\/p>\n<p>Com a presen\u00e7a de Dom Moacir Vitti Arcebispo de Curitiba, Dom Pedro Fedalto Bispo Em\u00e9rito e do Arcebispo da Igreja Ortodoxa Ucraniana Dom Geremias Ferens \u00a0a Cerim\u00f4nia foi dirigida pelo Eparca da Igreja Greco Cat\u00f3lica Dom Volodomer Koubetch acompanhado de Dom Meron Mazur e de todos os padres da igreja Greco Cat\u00f3lica Ucraniana e numerosos religiosos.<\/p>\n<p>Acompanharam a cerim\u00f4nia o Prefeito de Prudent\u00f3polis de Gilvan Agibert, o Prefeito de Ivai Idir Treviso, a Vice Prefeita de Irati Marisa Lucas, o ex-Deputado Estadual Felipe Lucas, a Consul da Ucr\u00e2nia em Curitiba Larysa Myronenko, o Presidente da Representa\u00e7\u00e3o Central Ucraniano Brasileira Dr. Vit\u00f3rio Sorotiuk, o Presidente do Clube Poltava Carlos Valdir Henzel, o Presidente do TPUK Marcos Nogas e\u00a0o Secretario da Representa\u00e7\u00e3o Central Sr. Wolodymyr Galat.<\/p>\n<p>A igreja de S\u00e3o Jo\u00e3o Batista estava cercada por mais de 30 coroas de flores enviadas por associa\u00e7\u00f5es ucranianas e autoridades.<\/p>\n<p>Dom Volodomer Koubetch ao ler a biografia de Dom Efraim Krevey destacou que dos 120 anos da Imigra\u00e7\u00e3o Ucraniana Brasileira, na metade dessa hist\u00f3ria, em 60 anos, ele se destacou no trabalho pastoral e cultural construindo dezenas de igrejas e ajudando a criar 12 grupos folcl\u00f3ricos.<\/p>\n<p>O Presidente da Representa\u00e7\u00e3o Central Ucraniano Brasileira Dr. Vitorio Sorotiuk na oportunidade proferiu as seguintes palavras :<\/p>\n<p><em>&#8220;Em nome dos cora\u00e7\u00f5es de 500 mil descentes de ucranianos gostaria de agradecer a todas as autoridades que enviaram notas de pesar e as coroas de flores em mem\u00f3ria do falecimento de Dom Efraim Krevey. Gostariamos de agradecer em especial ao Hospital Vita Batel pelo tratamento m\u00e9dico generoso e cuidadoso que prestou a Dom Efraim Krevey quando da doen\u00e7a. <\/em><\/p>\n<p><em>\u00c9 sempre dolorosa a partida de um ente querido. Mas hoje essa dor \u00e9 amenizada pela gratid\u00e3o que a comunidade ucraniana brasileira tem a Dom Efraim Basilio Krevey por manter viva a a\u00e7\u00e3o, a mem\u00f3ria e a identidade cultural dos descendentes de ucranianos no Brasil. Nunca algu\u00e9m foi t\u00e3o brasileiro e t\u00e3o ucraniano ao mesmo tempo como Dom Efraim Krevey. <\/em><\/p>\n<p><em>A Representa\u00e7\u00e3o Central Ucraniano Brasileira perde o seu principal conselheiro. A comunidade perdeu um l\u00edder e um guia. Mas n\u00f3s sentimos pelas manifesta\u00e7\u00f5es que os jovens est\u00e3o expressando que ele deixou muitas sementes. A chama da preserva\u00e7\u00e3o da cultura ucraniana no Brasil acessa por Dom Efraim Krevey n\u00e3o se apagar\u00e1.<\/em><\/p>\n<p><em>A Igreja Greco Cat\u00f3lica Ucraniana brasileira com o trabalho de Dom Efraim Krevey colaborou decisivamente para que a nossa comunidade se destacasse como uma das mais organizadas no mundo.<\/em><\/p>\n<p><em>\u00c0 fam\u00edlia nossos sentimentos e gratid\u00e3o por nos ter emprestado a tempo integral o labor pastoral, cultural e social de Dom Efraim.<\/em><\/p>\n<p><em>Dom Efraim Basilio Krevey viver\u00e1 eternamente nos cora\u00e7\u00f5es da comunidade ucraniana brasileira.&#8221; <\/em><\/p>\n<p>\u00c0s 18:0o horas Dom Efraim Basilio Krevey foi sepultado na cripta da pr\u00f3pria Igreja de S\u00e3o Jo\u00e3o Batista.<\/p>\n<p>O sepultamento foi acompanhado por um sentimento de profunda tristeza e gratid\u00e3o pelo trabalho desenvolvido por Dom Efraim Basilio Krevey.<\/p>\n<p>&nbsp;<\/p>\n<p><strong>Manifesta\u00e7\u00f5es <\/strong><\/p>\n<p>Entre as inumeras manifesta\u00e7\u00f5es com o falecimento de Dom Efraim Krevey\u00a0 a do jovem advogado Andreiv Chona parece sintetizar o sentimento de todos:<\/p>\n<p>Slava Isusu Khrystu! N\u00e3o poderia deixar de prestar minha pequena homenagem ao nosso querido D. Efraim. Tenho muitas lembran\u00e7as desse grande homem. Muitas ainda da inf\u00e2ncia, da \u00e9poda dos versinhos iniciados por &#8220;Dorohey Vladyko!&#8221;, ou de quando ele aparecia em Mallet, num sabado \u00e0 tarde, tirava todas as crian\u00e7as das salas de aula da catequese e distribuia balas de canela ou daquelas azedinhas com go&#8230;sto de inf\u00e2ncia. Quantas vezes, num dia qualquer da semana, l\u00e1 estava D. Efraim circulando nos arredores da Igreja ou do Semin\u00e1rio de Mallet. Sem contar os in\u00fameros Congressos, Encontros, Romarias e Festivais de Dan\u00e7a, onde ele sempre era presen\u00e7a certa. Lembro dele dizendo para o Spomen, quando mal t\u00ednhamos dan\u00e7arinos ou trajes, que era justamente assim que se come\u00e7ava e que o importante era nao desanimar, que<br \/>\nMallet merecia um grupo de dancas.<\/p>\n<p>\u00c0s vezes meus amigos latinos reclamavam que a celebra\u00e7\u00e3o de Crisma deles teria que ser numa quinta-feira \u00e0 noite, porque o bispo da Diocese n\u00e3o tinha tempo para ir at\u00e9 Mallet no domingo. Eu achava aquilo um absurdo, afinal, meu Bispo estava sempre por perto e sempre tinha<br \/>\ntempo para seu povo. Quantas vezes ele apareceu num ensaio do Spomen, ou numa reuni\u00e3o do grupo de jovens. Ou numa festa do padroeiro em uma comunidade rural, l\u00e1 nos confins de Mallet.<\/p>\n<p>Terei sempre muitas coisas para lembrar sobre D. Efraim, mas acho que o que mais vou lembrar \u00e9 da proximidade, do contato dele com seu povo. Ele n\u00e3o era diferente porque era bispo, isso o fazia ainda mais pr\u00f3ximo e igual a todos n\u00f3s.<\/p>\n<p>Costumo dizer que ser padre ucraniano no Brasil n\u00e3o \u00e9 uma tarefa f\u00e1cil. Quando o Pe. Nikon chegou por a\u00ed, h\u00e1 mais de 100 anos, ele assumiu um compromisso com a comunidade, n\u00e3o foi apenas um acalentador de almas, um ministro de Cristo, mas foi um acalentador de gente, um ministro do povo. O povo passou a ver no Padre, na Igreja, um ponto de apoio, um alicerce, n\u00e3o apenas para a religi\u00e3o, mas para sua propria cultura, folclore, tradi\u00e7\u00f5es. Muitos anos depois, D. Efraim renovou esse contrato da Igreja com seu povo, fundou grupos folcl\u00f3ricos, corais,<br \/>\ncentros culturais, incentivou a preserva\u00e7\u00e3o da cultura e, claro, desempenhou seu papel e fun\u00e7\u00f5es junto \u00e0 Igreja e ao clero de maneira exemplar.<\/p>\n<p>O que fica dele \u00e9 o exemplo, as boas lembran\u00e7as e minha grande e eterna admira\u00e7\u00e3o. E acho que a melhor maneira de o homenagearmos seja continuar seu trabalho, preservar nossa cultura, nosso idioma, nosso rito e nunca abandonar nossa Igreja.<\/p>\n<p>B\u0456\u0447\u043d\u0430 \u043f\u0430\u043c&#8217;\u044f\u0442\u044c!!! Memoria Eterna!<\/p>\n<p><strong>Manifesta\u00e7\u00e3o de Dom Daniel Koslinski<\/strong><\/p>\n<p><strong> <\/strong>Queremos expressar a toda a Eparquia Ucraniana de S\u00e3o Jo\u00e3o Batista no Brasil, os nossos sentimentos pelo passamento de nosso querido Bispo Eparca em\u00e9rito, Dom Efraim Basilio Krevey. Impossibilitado de tomar parte em seus funerais, uno-me \u00e0 sua fam\u00edlia, aos Bispos, \u00e0 todos os fi\u00e9is da Eparquia. Juntos, perdemos o nosso pastor. Durante todos os anos que esteve em frente \u00e0 dire\u00e7\u00e3o da Eparquia, vimos &#8230;sempre o homem de Deus que vivia n\u00e3o para si, mas em fun\u00e7\u00e3o de sua miss\u00e3o: em fun\u00e7\u00e3o de Cristo e sua Igreja. Tive a gra\u00e7a de conviver com Dom Efraim durante longo tempo, quando p\u00e1roco da Catedral em Curitiba. Dialog\u00e1vamos todos os dias. Condividia todas as angustias e alegrias. Lembro-me de tantas coisas importantes que se passaram&#8230; Talvez o mais dif\u00edcil foi o momento do inc\u00eandio que destruiu o Seminario em Mallet. Sua preocupa\u00e7\u00e3o n\u00e3o foi pelo bem material que se perdeu, mas em saber como estavam os seminaristas, as vidas humanas que ali se encontravam. Quanta angustia vivida naquele momento! Sua preocupa\u00e7\u00e3o diminuiu apenas quando teve a certeza que os seminaristas estavam bem&#8230; Bens materiais podem ser reconstru\u00eddos e de fato, o foram, talvez at\u00e9 com oposi\u00e7\u00e3o de muitos. Era o seu estilo. N\u00e3o desistir jamais. Aprendi tantas coisas com Dom Efraim, mas o que me marcava era a sua persist\u00eancia e otimismo, que provinha, com certeza, de sua intensa vida espiritual. Todos os dias, de manh\u00e3, \u00e0s 6:15, sempre com pontualidade, n\u00e3o vendo se estava cansado ou n\u00e3o, a celebra\u00e7\u00e3o da Divina Eucaristia, sua ora\u00e7\u00e3o e medita\u00e7\u00e3o eram sagrados. Sempre admirei sua dedica\u00e7\u00e3o pelas voca\u00e7\u00f5es. Um seminarista que progredia, era sempre motivo de alegria. Quando um sacerdote demonstrava a sua infidelidade, a sua preocupa\u00e7\u00e3o, consterna\u00e7\u00e3o, com o desejo da realiza\u00e7\u00e3o pessoal da pessoa humana.Qual o segredo de toda a sua disposi\u00e7\u00e3o, em toda a dedica\u00e7\u00e3o pelo trabalho realizado? Sempre falava de um pequeno segredo do dia de sua ordena\u00e7\u00e3o episcopal, na Basilica S\u00e3o Pedro em Roma, quando o Santo Padre, o Papa Paulo VI, lhe sussurrou nos ouvidos: \u201cCuide bem deste bom povo ucraniano do Brasil\u201d. Ele viveu estas palavras. Por isso, mais que pastor, foi o nosso pai espiritual. Rendo minha homenagem pessoal e em nome de nosso Bispo Em\u00e9rito, Dom Miguel Miquetzey, de todo o Clero, religiosos, religiosas e do povo ucraniano na Argentina. Que sua memoria seja eterna entre todos. Que seu exemplo de luta, trabalho em prol da Igreja e Reino de Deus, seja exemplo e motiva\u00e7\u00e3o de continuidade para todos n\u00f3s.<\/p>\n<p>Buenos Aires, 03 de abril de 2012\u00a0+ Daniel Kozlinskey\u00a0Administrador Apost\u00f3lico<\/p>\n<p>&nbsp;<\/p>\n<p><strong>Biografia de Dom Efraim Basilio Krevey <\/strong><\/p>\n<p><strong><em><span style=\"text-decoration: underline;\">D. EFRAIM BAS\u00cdLIO KREVEY,OSBM<\/span><\/em><\/strong><\/p>\n<p><strong><em><span style=\"text-decoration: underline;\">EPARCA PARA OS UCRANIANOS CAT\u00d3LICOS NO BRASIL<\/span><\/em><\/strong><\/p>\n<p><em>Nascido no dia:12 de dezembro de 1928 em Iva\u00ed, Paran\u00e1.<\/em><\/p>\n<p><em>Pais: Jo\u00e3o e Sofia Bardal Krevey &#8211; agricultores.<\/em><\/p>\n<p><em>Estudos: Semin\u00e1rio Menor de S. Jos\u00e9 &#8211; Prudent\u00f3polis &#8211; 1940 &#8211; 1942<\/em><\/p>\n<p><em> Noviciado dos Padres Basilianos: 1943-1944 em Prudent\u00f3polis.<\/em><\/p>\n<p><em> Escola M\u00e9dia: 1945-1946 em Iracema SC.<\/em><\/p>\n<p><em>Filosofia: 1947-1948 em Iracema SC<\/em><em><br \/>\nTeologia: 1949-1952 em Roma &#8211; Gregoriana &#8211; Licenciado<\/em><\/p>\n<p><em>Profiss\u00e3o Solene: 01.01.1950 em Roma<\/em><\/p>\n<p><em>Ordena\u00e7\u00e3o: Ordens Menores:04.03.1951 em Roma &#8211; D.Ivan Buczko<\/em><\/p>\n<p><em> Diaconato: 25.03.1951 em Roma &#8211; D.Ivan Buczko<\/em><\/p>\n<p><em> Sacerd\u00f3cio:12.11.1951 em Roma &#8211; D.Ivan Buczko<\/em><\/p>\n<p><em> Episcopal: 13.02.1972 em Roma &#8211; SS.Paulo VI<\/em><\/p>\n<p><em>Of\u00edcios: 1952-1955: Coadjutor da Par\u00f3quia S.Josafat-Prudent\u00f3polis<\/em><\/p>\n<p><em> Vice-Reitor e professor do Semin\u00e1rio S\u00e3o Jos\u00e9 &#8211; <\/em><em>Prudent\u00f3polis<\/em><\/p>\n<p><em> 1955-1959: Reitor do Semin\u00e1rio S.Jos\u00e9 e professor.<\/em><\/p>\n<p><em> 1959-1969: Superior do Mosteiro S\u00e3o Josafat, professor no <\/em><em>Semin\u00e1rio e P\u00e1roco da<br \/>\nPar\u00f3quia S.Josafat \u2013<\/em><em>Prudent\u00f3polis.<\/em><\/p>\n<p><em> 1965:\u00a0\u00a0\u00a0\u00a0\u00a0 Conselheiro Provincial.<\/em><em><br \/>\n1969:\u00a0\u00a0\u00a0\u00a0\u00a0 Superior e professor no Studium OSBM Batel- <\/em><em>Curitiba.<\/em><\/p>\n<p><em>1970:\u00a0\u00a0\u00a0\u00a0\u00a0 Eleito e aprovado Provincial da Prov\u00edncia S.Jos\u00e9.<\/em><\/p>\n<p><em> 1971:\u00a0\u00a0\u00a0\u00a0 29 de novembro &#8211; nomeado Bispo Coadjutor, com <\/em><em>direito \u00e0 sucess\u00e3o de<br \/>\nD.Jos\u00e9\u00a0 Martenetz &#8211; para os <\/em><em>cat\u00f3licos ucranianos do Brasil.<\/em><\/p>\n<p><em> 1978:\u00a0\u00a0\u00a0\u00a0\u00a0 10 de maio &#8211; Assumiu como EPARCA no lugar de D. <\/em><em>Jos\u00e9 Martenetz.<\/em><\/p>\n<p><em> 2006:\u00a0\u00a0\u00a0\u00a0 13 de dezembro tornou-se Bispo-Em\u00e9rito, deixando <\/em><em>o governo espiritual da Eparquia.(Diocese).<\/em><\/p>\n<p><em>Atividade Pastoral: Ordena\u00e7\u00f5es sacerdotais: 103 <\/em><em>Casas Religiosas criadas e instaladas: 35 <\/em><em>Cria\u00e7\u00e3o de Novas Par\u00f3quias: 09<\/em><\/p>\n<p><em> Resid\u00eancia Episcopal.<\/em><\/p>\n<p><em> Resid\u00eancias paroquiais: 28<\/em><\/p>\n<p><em>Semin\u00e1rio Eparquial Menor S.Josafat &#8211; Mallet, Pr.<\/em><\/p>\n<p><em> Semin\u00e1rio Eparquial Maior S.Josafat &#8211; Curitiba,Pr.<\/em><\/p>\n<p><em> Centros Comunit\u00e1rios: 54<\/em><\/p>\n<p><em> Igrejas construidas e inauguradas:65<\/em><\/p>\n<p><em> Igrejas novas ou ampliadas\/consagradas:95<\/em><\/p>\n<p><em> Centro Religioso-cultural \u201cPOLTAVA\u201d,em Curitiba,Pr<\/em><\/p>\n<p><em> Casa de Repouso para Idosos \u201cN.Sr\u00aa. do AMPARO\u201d em <\/em><em>Marcelino \u2013 S.Jos\u00e9 dos Pinhais,PR.<\/em><\/p>\n<p><em> Iniciou e implnatou ROMARIA EPARQUIAL PENITENCIAL <\/em><em>para Iracema,SC.<\/em><\/p>\n<p><em> Congressos anuais da Juventude Ucra\u00edno-Brasileira<\/em><\/p>\n<p><em> Centro Eparquial de CULTO MARIANO E ROMARIA ANUAL <\/em><em>em Antonio Olinto, PR.<\/em><\/p>\n<p><em> Comiss\u00f5es: Comiss\u00e3o Eparquial do Apostolado da Ora\u00e7\u00e3o. <\/em><\/p>\n<p><em> Comiss\u00e3o Eparquial de Liturgia <\/em><\/p>\n<p><em>Comiss\u00e3o Eparquial de Catequese<\/em><\/p>\n<p><em> Comiss\u00e3o Eparquial Vocacional.<\/em><\/p>\n<p><em> Comiss\u00e3o Eparquial dos Jovens<\/em><\/p>\n<p><em> Pastoral da Fam\u00edlia.<\/em><br \/>\n<strong><em>BIOGRAFIA &#8211; D.EFRAIM B.KREVEY<\/em><\/strong><br \/>\n<em>D. Efraim Bas\u00edlio Krevey, filho de Jo\u00e3o Krevey e Sofia Bardal Krevey, nasceu na localidade de Saltinho,<br \/>\nmun. de Iva\u00ed, Pr, no dia 12 de dezembro de 1928.<\/em><\/p>\n<p><em> Freq\u00fcentou a Escola local de Saltinho, nos anos 1937-1939, sendo sua Professora a dona Ana Bardal, sua tia. Em 1939,<br \/>\nquando da visita can\u00f4nica de Dom Ivan Bushko, o p\u00e1ro-co Pe.Orestes Karpliuk, o incentivou para a vida sacerdotal. No ano seguinte, ingressa no Semin\u00e1rio S\u00e3o Jos\u00e9, em Purden-t\u00f3polis, onde terminou os seus estudos ginasiais. Em 1943<br \/>\norientado pelos superiores, ingressou no noviciado dos Pa-dres Basilianos. Em 1945, inicia seus estudos human\u00edsticos e filosofia no Mosteiro da localidade de Iracema, em SC. No final de 1948 parte para Roma, onde, nos anos seguintes, faz seus estudos<br \/>\nteol\u00f3gicos, na Pontif\u00edcia Universidade Gregori-ana, alcan\u00e7ando o grau de Bacharelado em Teologia.<\/em><\/p>\n<p><em>O caminho para o sacerd\u00f3cio se iniciou em 04 de mar\u00e7o de 1951, quando recebeu as ordens menores. O diaconato aconteceu no<br \/>\ndia 25 de mar\u00e7o do mesmo ano, em Roma, pela imposi\u00e7\u00e3o das m\u00e3os de Sua Exca. D.Ivan Bushko. A ordena\u00e7\u00e3o sacerdotal aconteceu na igreja de S\u00e3o S\u00e9rgio e Baco, em Ro-ma, no dia 12 de novembro de 1951, sendo ordenante o pr\u00f3prio D.Jo\u00e3o Bushko.<\/em><\/p>\n<p><em> Retorna ao Brasil no final do ano de 1952. No ano seguinte, ap\u00f3s a celebra\u00e7\u00e3o da Primeira Divina Liturgia So-lene, em sua Col\u00f4nia, \u00e9 nomeado coadjutor da par\u00f3quia de S.Josafat em Prudent\u00f3polis e professor no Semin\u00e1rio<br \/>\nS.Jos\u00e9 dos padres Basilianos. Em 1955, torna-se Diretor do Semin\u00e1rio e em 1959, torna-se o Superior do Mosteiro dos Padres Basilianos\u00a0 bem como P\u00e1roco da Par\u00f3quia de S.Josafat em Prudent\u00f3polis.Desempenhou esse cargo at\u00e9 o m\u00eas de junho de 1959.\u00a0 Durante este tempo, concluiu a constru\u00e7\u00e3o do Semin\u00e1rio e Mosteiro, bem como a reforma de toda a igreja de S.Josafat.<br \/>\nReadquiriu os terrenos, onde hoje est\u00e1 constru\u00eddo o Centro Social Clube 12 de novembro, no centro da cidade de Prudent\u00f3polis. No campo pastoral, sempre se distinguiu pelo zelo apost\u00f3lico no atendimento a todos os paroquianos, distinguindo-se o seu trabalho entre os jovens. Fundou, durante estes anos,o grupo folcl\u00f3rico, hoje denominado Grupo Folcl\u00f3rico Vesselka.<strong> <\/strong><\/em><\/p>\n<p><em>Em junho de 1969, \u00e9 transferido para Curitiba, onde inicia os trabalhos na Casa de Forma\u00e7\u00e3o dos Padres Basilianos.<\/em><\/p>\n<p><em>Em 1970 foi eleito Provincial dos Padres Basilianos na Prov\u00edncia de S.Jos\u00e9, aqui no Brasil. Desenvolveu por pouco tempo<br \/>\neste seu cargo, visto que no dia 29 de novembro de 1971, foi nomeado Bispo Coadjutor da Eparquia Ucra\u00edno-Ca-t\u00f3lica de S.Jo\u00e3o Batista para os ucranianos cat\u00f3licos de to-do o Brasil.<\/em><\/p>\n<p><em> Foi ordenado Bispo na Bas\u00edlica de S.Pedro em Roma, sendo ordenante o pr\u00f3prio Papa Paulo VI, no dia 13 de feve-reiro de 1972.<\/em><\/p>\n<p><em> Assumiu a Eparquia como Coadjutor de D.Jos\u00e9 Martenetz no m\u00eas de mar\u00e7o de 1972. D. Efraim distingui-se sempre pelo<br \/>\nseu grande zelo apost\u00f3lico e empreendedor, como Bispo, dentro da Eparquia. Numerosas s\u00e3o as visitas pasto-rais, incentivando o povo em sua caminhada crist\u00e3, na con-serva\u00e7\u00e3o do pr\u00f3prio Rito, como tamb\u00e9m das tradi\u00e7\u00f5es. Para melhor atendimento pastoral dos fi\u00e9is, incentiva-se a forma\u00e7\u00e3o de novas comunidades, principalmente nas regi\u00f5es novas do Paran\u00e1, nos munic\u00edpios de Pitanga, Roncador, Campo Mour\u00e3o, Cascavel e Pato Branco. Fundou v\u00e1rias par\u00f3quias.<\/em><\/p>\n<p><em>Em 1972 inicia a constru\u00e7\u00e3o da nova Sede Epar-quial em \u00a0Curitiba.\u00a0 Fundando o Grupo Folcl\u00f3rico Poltava, constr\u00f3i tamb\u00e9m o Clube, Centro Religioso Cultural Poltava, centro de irradia\u00e7\u00e3o da cultura religiosa e popular entre os ucranianos em Curitiba e no Paran\u00e1.<\/em><\/p>\n<p><em>Em 10 de maio de 1978 se tornou o segundo Eparca da Eparquia Ucra\u00edno-Cat\u00f3lica de S.Jo\u00e3o Batista, com a ren\u00fancia de D.Jos\u00e9 Martenetz, alquebrado pela doen\u00e7a.<\/em><\/p>\n<p><em>D. Efraim sempre incentivou, durante o seu minist\u00e9rio episcopal, a constru\u00e7\u00e3o de v\u00e1rias igrejas do rito ucra\u00edno-cat\u00f3lico, fazendo com que a Eparquia muito prospe-rasse. Conv\u00e9m ressaltar o seu trabalho com os jovens e profissionais, na organiza\u00e7\u00e3o de v\u00e1rios encontros e congressos da juventude e comunidade ucraniana no Brasil.<\/em><\/p>\n<p><em>D.Efraim, durante estes 60 anos de sacerd\u00f3cio e 40 anos de a\u00e7\u00e3o pastoral, em particular 28 anos de Eparca, em prol do Reino<br \/>\nde Deus e bem da Eparquia, com certeza, colhe os frutos, semeados com generosidade, disposi\u00e7\u00e3o, animado sempre no seu lema episcopal: A caridade jamais acabar\u00e1. Sim, atrav\u00e9s de sua pessoa e a\u00e7\u00e3o se sente o reavivar da f\u00e9 de um povo em sua caminhada crist\u00e3. Que Deus d\u00ea muitos anos de vida a D.Efraim no comando Igreja Ucra\u00edno-Cat\u00f3lica no Brasil.<\/em><\/p>\n<p><em>No dia 13 de dezembro de 2006 o Santo Padre o papa Bento XVI aceitou a ren\u00fancia de D.Efraim como Eparca tornando-se assim Bispo-em\u00e9rito da Eparquia Ucra\u00edno-Cat\u00f3lica de S.Jo\u00e3o Batista no Brasil.<a rel=\"lightbox[slb_2558]\" href=\"http:\/\/www.rcub.com.br\/rcub\/wp-content\/uploads\/2012\/04\/DSC_0073-1024x680.jpg\"><img loading=\"lazy\" class=\"aligncenter size-large wp-image-2573\" title=\"DSC_0073 (1024x680)\" src=\"http:\/\/www.rcub.com.br\/rcub\/wp-content\/uploads\/2012\/04\/DSC_0073-1024x680-610x405.jpg\" alt=\"\" width=\"610\" height=\"405\" srcset=\"http:\/\/www.rcub.com.br\/rcub\/wp-content\/uploads\/2012\/04\/DSC_0073-1024x680-610x405.jpg 610w, http:\/\/www.rcub.com.br\/rcub\/wp-content\/uploads\/2012\/04\/DSC_0073-1024x680-300x199.jpg 300w, http:\/\/www.rcub.com.br\/rcub\/wp-content\/uploads\/2012\/04\/DSC_0073-1024x680.jpg 1024w\" sizes=\"(max-width: 610px) 100vw, 610px\" \/><\/a><\/em><\/p>\n","protected":false},"excerpt":{"rendered":"<p>A comunidade ucraniana brasileira entrestecida deu adeus a Dom Basilio Efraim Krevey Bispo Em\u00e9rito da Igreja Greco Cat\u00f3lica Ucraniana em comovente cerim\u00f4nia na Igreja de S\u00e3o Jo\u00e3o Batista em Curitiba [&hellip;]<\/p>\n","protected":false},"author":1,"featured_media":2560,"comment_status":"open","ping_status":"open","sticky":false,"template":"","format":"standard","meta":[],"categories":[1],"tags":[27,22],"_links":{"self":[{"href":"http:\/\/www.rcub.com.br\/rcub\/wp-json\/wp\/v2\/posts\/2558"}],"collection":[{"href":"http:\/\/www.rcub.com.br\/rcub\/wp-json\/wp\/v2\/posts"}],"about":[{"href":"http:\/\/www.rcub.com.br\/rcub\/wp-json\/wp\/v2\/types\/post"}],"author":[{"embeddable":true,"href":"http:\/\/www.rcub.com.br\/rcub\/wp-json\/wp\/v2\/users\/1"}],"replies":[{"embeddable":true,"href":"http:\/\/www.rcub.com.br\/rcub\/wp-json\/wp\/v2\/comments?post=2558"}],"version-history":[{"count":14,"href":"http:\/\/www.rcub.com.br\/rcub\/wp-json\/wp\/v2\/posts\/2558\/revisions"}],"predecessor-version":[{"id":2562,"href":"http:\/\/www.rcub.com.br\/rcub\/wp-json\/wp\/v2\/posts\/2558\/revisions\/2562"}],"wp:featuredmedia":[{"embeddable":true,"href":"http:\/\/www.rcub.com.br\/rcub\/wp-json\/wp\/v2\/media\/2560"}],"wp:attachment":[{"href":"http:\/\/www.rcub.com.br\/rcub\/wp-json\/wp\/v2\/media?parent=2558"}],"wp:term":[{"taxonomy":"category","embeddable":true,"href":"http:\/\/www.rcub.com.br\/rcub\/wp-json\/wp\/v2\/categories?post=2558"},{"taxonomy":"post_tag","embeddable":true,"href":"http:\/\/www.rcub.com.br\/rcub\/wp-json\/wp\/v2\/tags?post=2558"}],"curies":[{"name":"wp","href":"https:\/\/api.w.org\/{rel}","templated":true}]}}