{"id":2396,"date":"2012-02-11T20:42:55","date_gmt":"2012-02-11T23:42:55","guid":{"rendered":"http:\/\/www.rcub.com.br\/rcub\/?p=2396"},"modified":"2012-02-20T09:17:20","modified_gmt":"2012-02-20T12:17:20","slug":"20-anos-das-relacoes-diplomaticas-brasil-ucrania","status":"publish","type":"post","link":"http:\/\/www.rcub.com.br\/rcub\/20-anos-das-relacoes-diplomaticas-brasil-ucrania\/","title":{"rendered":"20 anos das Rela\u00e7\u00f5es Diplom\u00e1ticas Brasil-Ucr\u00e2nia"},"content":{"rendered":"<p><strong><a rel=\"lightbox[slb_2396]\" href=\"http:\/\/www.rcub.com.br\/rcub\/wp-content\/uploads\/2012\/02\/Convite-1\u00ba-Embaixador.jpg\"><\/a><a rel=\"lightbox[slb_2396]\" href=\"http:\/\/www.rcub.com.br\/rcub\/wp-content\/uploads\/2012\/02\/Lula-e-Kutchma-brinde-no-almo\u00e7o.jpg\"><\/a>20 anos das rela\u00e7\u00f5es diplom\u00e1ticas Brasil-Ucr\u00e2nia e a<br \/>\nComunidade Ucraniana<\/strong><\/p>\n<p><a rel=\"lightbox[slb_2396]\" href=\"http:\/\/www.rcub.com.br\/rcub\/wp-content\/uploads\/2012\/02\/n121467614542628_55511.jpg\"><img loading=\"lazy\" class=\"alignleft size-full wp-image-2398\" title=\"n121467614542628_5551\" src=\"http:\/\/www.rcub.com.br\/rcub\/wp-content\/uploads\/2012\/02\/n121467614542628_55511.jpg\" alt=\"\" width=\"200\" height=\"141\" srcset=\"http:\/\/www.rcub.com.br\/rcub\/wp-content\/uploads\/2012\/02\/n121467614542628_55511.jpg 200w, http:\/\/www.rcub.com.br\/rcub\/wp-content\/uploads\/2012\/02\/n121467614542628_55511-85x60.jpg 85w\" sizes=\"(max-width: 200px) 100vw, 200px\" \/><\/a>Em 11 de fevereiro de 2012 completaram-se 20 anos do estabelecimento formal das rela\u00e7\u00f5es<br \/>\ndiplom\u00e1ticas entre o Brasil e a Ucr\u00e2nia.<\/p>\n<p>Mas asrela\u00e7\u00f5es entre o Brasil e a Ucr\u00e2nia j\u00e1 existiam \u2013 se bem que informalmente \u2013<br \/>\ndesde a declara\u00e7\u00e3o da independ\u00eancia da Ucr\u00e2nia no dia 24 de agosto de 1991 e a<br \/>\nrealiza\u00e7\u00e3o do <em>referendum<\/em> no in\u00edcio de<br \/>\ndezembro do mesmo ano, em que a esmagadora maioria da popula\u00e7\u00e3o ucraniana<br \/>\nconfirmou a independ\u00eancia. Tais rela\u00e7\u00f5es eram fruto do idealismo da comunidade<br \/>\nucraniana do Brasil, que atrav\u00e9s da diretoria da sua Representa\u00e7\u00e3o Central<br \/>\nUcraniano-Brasileira e empenho de suas principais lideran\u00e7as envidou esfor\u00e7os<br \/>\npara acelerar o processo de reconhecimento da independ\u00eancia da Ucr\u00e2nia da parte<br \/>\ndo Brasil e de estabelecimento das rela\u00e7\u00f5es formais completas com a abertura<br \/>\ndas respectivas embaixadas e consulados.<\/p>\n<p><a rel=\"lightbox[slb_2396]\" href=\"http:\/\/www.rcub.com.br\/rcub\/wp-content\/uploads\/2012\/02\/Governo-recebe-Fokin-1.jpg\"><img loading=\"lazy\" class=\"alignleft size-thumbnail wp-image-2414\" title=\"Governo recebe Fokin 1\" src=\"http:\/\/www.rcub.com.br\/rcub\/wp-content\/uploads\/2012\/02\/Governo-recebe-Fokin-1-150x150.jpg\" alt=\"\" width=\"150\" height=\"150\" srcset=\"http:\/\/www.rcub.com.br\/rcub\/wp-content\/uploads\/2012\/02\/Governo-recebe-Fokin-1-150x150.jpg 150w, http:\/\/www.rcub.com.br\/rcub\/wp-content\/uploads\/2012\/02\/Governo-recebe-Fokin-1-61x61.jpg 61w, http:\/\/www.rcub.com.br\/rcub\/wp-content\/uploads\/2012\/02\/Governo-recebe-Fokin-1-45x45.jpg 45w, http:\/\/www.rcub.com.br\/rcub\/wp-content\/uploads\/2012\/02\/Governo-recebe-Fokin-1-109x109.jpg 109w\" sizes=\"(max-width: 150px) 100vw, 150px\" \/><\/a>J\u00e1 em outubro de 1991 recebemos no Brasil a visita do 1\u00ba Ministro da Ucr\u00e2nia Vitold<br \/>\nFokin e comitiva de 12 integrantes do Governo da Ucr\u00e2nia. A visita ocorreu em<br \/>\nBras\u00edlia, onde foram recebidos pelo Presidente Fernando Collor de Mello (se bem<br \/>\nque ainda n\u00e3o oficialmente, pois o Brasil ainda n\u00e3o havia reconhecido a<br \/>\nindepend\u00eancia da Ucr\u00e2nia), no Rio de Janeiro, recebidos pelo Governador Leonel<br \/>\nBrisola e em Curitiba \u2013 nos dias 18 a 20 de outubro de 1991, pelo Governador<br \/>\nRoberto Requi\u00e3o de Mello e Silva e pela comunidade ucraniana, que comemorava<br \/>\nnaquele ano o Centen\u00e1rio do in\u00edcio da imigra\u00e7\u00e3o ucraniana no Brasil. <a rel=\"lightbox[slb_2396]\" href=\"http:\/\/www.rcub.com.br\/rcub\/wp-content\/uploads\/2012\/02\/Governo-recebe-Fokin-11.jpg\"><\/a>A visita incialmente<br \/>\nera para limitar-se ao Rio de Janeiro e Bras\u00edlia, mas estendeu-se ao Paran\u00e1 a<br \/>\nconvite oficial do Governo do Estado do Paran\u00e1, por especial empenho do ent\u00e3o<br \/>\nassessor do Governo estadual e membro da comunidade Vit\u00f3rio Sorotiuk e a<br \/>\nconvite da comunidade ucraniana, articulado pela diretoria da RCUB, cujo ent\u00e3o<br \/>\npresidente Mariano Czaikowski, em viagem \u00e0 Ucr\u00e2nia no in\u00edcio de outubro de 1991<br \/>\nfoi recebido em Kyiv no Gabinete dos Ministros pelo Chefe de Cerimonial Sr.<br \/>\nTaranenko e formulou tal convite pessoalmente.<\/p>\n<p><a rel=\"lightbox[slb_2396]\" href=\"http:\/\/www.rcub.com.br\/rcub\/wp-content\/uploads\/2012\/02\/Oficio-Paran\u00e1-Reconhecimento-Ucrania-11.jpg\"><img loading=\"lazy\" class=\"alignleft size-thumbnail wp-image-2410\" title=\"Oficio Paran\u00e1 Reconhecimento Ucrania 1\" src=\"http:\/\/www.rcub.com.br\/rcub\/wp-content\/uploads\/2012\/02\/Oficio-Paran\u00e1-Reconhecimento-Ucrania-11-150x150.jpg\" alt=\"\" width=\"150\" height=\"150\" srcset=\"http:\/\/www.rcub.com.br\/rcub\/wp-content\/uploads\/2012\/02\/Oficio-Paran\u00e1-Reconhecimento-Ucrania-11-150x150.jpg 150w, http:\/\/www.rcub.com.br\/rcub\/wp-content\/uploads\/2012\/02\/Oficio-Paran\u00e1-Reconhecimento-Ucrania-11-61x61.jpg 61w, http:\/\/www.rcub.com.br\/rcub\/wp-content\/uploads\/2012\/02\/Oficio-Paran\u00e1-Reconhecimento-Ucrania-11-45x45.jpg 45w, http:\/\/www.rcub.com.br\/rcub\/wp-content\/uploads\/2012\/02\/Oficio-Paran\u00e1-Reconhecimento-Ucrania-11-109x109.jpg 109w\" sizes=\"(max-width: 150px) 100vw, 150px\" \/><\/a><a rel=\"lightbox[slb_2396]\" href=\"http:\/\/www.rcub.com.br\/rcub\/wp-content\/uploads\/2012\/02\/Oficio-Paran\u00e1-Reconhecimento-Ucrania-22.jpg\"><img loading=\"lazy\" class=\"alignleft size-thumbnail wp-image-2412\" title=\"Oficio Paran\u00e1 Reconhecimento Ucrania 2\" src=\"http:\/\/www.rcub.com.br\/rcub\/wp-content\/uploads\/2012\/02\/Oficio-Paran\u00e1-Reconhecimento-Ucrania-22-150x150.jpg\" alt=\"\" width=\"150\" height=\"150\" srcset=\"http:\/\/www.rcub.com.br\/rcub\/wp-content\/uploads\/2012\/02\/Oficio-Paran\u00e1-Reconhecimento-Ucrania-22-150x150.jpg 150w, http:\/\/www.rcub.com.br\/rcub\/wp-content\/uploads\/2012\/02\/Oficio-Paran\u00e1-Reconhecimento-Ucrania-22-61x61.jpg 61w, http:\/\/www.rcub.com.br\/rcub\/wp-content\/uploads\/2012\/02\/Oficio-Paran\u00e1-Reconhecimento-Ucrania-22-45x45.jpg 45w, http:\/\/www.rcub.com.br\/rcub\/wp-content\/uploads\/2012\/02\/Oficio-Paran\u00e1-Reconhecimento-Ucrania-22-109x109.jpg 109w\" sizes=\"(max-width: 150px) 100vw, 150px\" \/><\/a><\/p>\n<p>Ainda sob o impacto positivo de t\u00e3o importante visita, a comunidade mobilizou-se ainda mais<br \/>\npor ocasi\u00e3o do <em>referendum<\/em>, ocorrido<br \/>\nem toda a Ucr\u00e2nia no in\u00edcio de dezembro de 1991 \u2013 e aqui em Curitiba, em ato<br \/>\nsimb\u00f3lico e de solidariedade com o seu pa\u00eds de origem, simulou uma vota\u00e7\u00e3o<br \/>\nsimb\u00f3lica, com resultado de 100% de apoio \u00e0 independ\u00eancia da Ucr\u00e2nia e iniciou<br \/>\numa campanha de coleta de 10.000 assinaturas em carta dirigida ao Minist\u00e9rio<br \/>\ndas Rela\u00e7\u00f5es Exteriores do Brasil pedindo o reconhecimento imediato pelo<br \/>\nGoverno do Brasil da Independ\u00eancia da Ucr\u00e2nia. De fato o Brasil reconheceu a<br \/>\nindepend\u00eancia da Ucr\u00e2nia a seguir, ap\u00f3s a extin\u00e7\u00e3o formal da URSS, e chegou-se<br \/>\nent\u00e3o logo mais \u00e0 formaliza\u00e7\u00e3o do in\u00edcio das rela\u00e7\u00f5es diplom\u00e1ticas. O ato<br \/>\nformal ocorreu no dia 11 de fevereiro de 1992 mediante troca de<br \/>\ncorrespond\u00eancias entre os Minist\u00e9rios das Rela\u00e7\u00f5es Exteriores dos dois pa\u00edses.<\/p>\n<p>Mas na aus\u00eancia das respectivas Embaixadas, a comunidade ucraniana \u2013 atrav\u00e9s da RCUB \u2013<br \/>\ncontinuou estimulando as rela\u00e7\u00f5es de fato entre os dois pa\u00edses.<\/p>\n<p><a rel=\"lightbox[slb_2396]\" href=\"http:\/\/www.rcub.com.br\/rcub\/wp-content\/uploads\/2012\/02\/Historia-Vitorio-020.jpg\"><img loading=\"lazy\" class=\"alignleft size-medium wp-image-2402\" title=\"Historia Vitorio 020\" src=\"http:\/\/www.rcub.com.br\/rcub\/wp-content\/uploads\/2012\/02\/Historia-Vitorio-020-300x201.jpg\" alt=\"\" width=\"300\" height=\"201\" srcset=\"http:\/\/www.rcub.com.br\/rcub\/wp-content\/uploads\/2012\/02\/Historia-Vitorio-020-300x201.jpg 300w, http:\/\/www.rcub.com.br\/rcub\/wp-content\/uploads\/2012\/02\/Historia-Vitorio-020-610x409.jpg 610w, http:\/\/www.rcub.com.br\/rcub\/wp-content\/uploads\/2012\/02\/Historia-Vitorio-020.jpg 1264w\" sizes=\"(max-width: 300px) 100vw, 300px\" \/><\/a><\/p>\n<p>Em meados de 1992, com a presen\u00e7a na ECO-92 no Rio de Janeiro de importante delega\u00e7\u00e3o do<br \/>\nGoverno da Ucr\u00e2nia \u2013 encabe\u00e7ada pelo Presidente do Parlamento Ivan Pli\u00fasch, e<br \/>\ncom a presen\u00e7a dos deputados ucranianos Yuri Kostenko e Wolodymyr Iavoriwskyi e<br \/>\ndo Ministro do Meio Ambiente Yuri Scherbak, a RCUB mobilizou-se de novo e os<br \/>\nconvidou a visitar a comunidade em Curitiba e novamente com o apoio do Vit\u00f3rio<br \/>\nSorotiuk obteve que tamb\u00e9m essa delega\u00e7\u00e3o fosse oficialmente convidada e<br \/>\nrecebida com todas as honras pelo Governo do Estado do Paran\u00e1.<\/p>\n<p>Em dezembro de 1993 \u2013 membros da comunidade ucraniana \u2013 especialmente os tr\u00eas empres\u00e1rios<br \/>\nda \u00e1rea de turismo, s\u00f3cios fundadores da DNIPR\u00d3 GOLD Ag\u00eancia de Viagens e<br \/>\nTurismo Ltda \u2013 S\u00e9rgio Jos\u00e9 Maciura, Paulo Macuchen Nogas e Mariano Czaikowski \u2013<br \/>\napoiados por mais de dezena de empres\u00e1rios paranaenses, fundaram a CICBU \u2013<br \/>\nC\u00e2mara de Com\u00e9rcio Brasil Ucr\u00e2nia \u2013 que iniciou \u00e0s pr\u00f3prias custas dos<br \/>\nfundadores um vasto trabalho de divulga\u00e7\u00e3o das potencialidades das rela\u00e7\u00f5es<br \/>\necon\u00f4micas da Ucr\u00e2nia, estimulando o com\u00e9rcio bilateral entre os dois pa\u00edses. A<br \/>\natividade da CICBU foi muito intensa, tendo recebido delega\u00e7\u00f5es empresariais da<br \/>\nUcr\u00e2nia em Curitiba e acompanhando-as por diversas cidades do Brasil,<br \/>\nespecialmente Bras\u00edlia, Rio de Janeiro, S\u00e3o Paulo, bem como organizando viagens<br \/>\ntur\u00edsticas e de empres\u00e1rios brasileiros para visitar a Ucr\u00e2nia e iniciar<br \/>\ncontatos comerciais e de coopera\u00e7\u00e3o.<\/p>\n<p><a rel=\"lightbox[slb_2396]\" href=\"http:\/\/www.rcub.com.br\/rcub\/wp-content\/uploads\/2012\/02\/Foto-2.jpg\"><img loading=\"lazy\" class=\"aligncenter size-medium wp-image-2403\" title=\"Foto 2\" src=\"http:\/\/www.rcub.com.br\/rcub\/wp-content\/uploads\/2012\/02\/Foto-2-300x200.jpg\" alt=\"\" width=\"300\" height=\"200\" srcset=\"http:\/\/www.rcub.com.br\/rcub\/wp-content\/uploads\/2012\/02\/Foto-2-300x200.jpg 300w, http:\/\/www.rcub.com.br\/rcub\/wp-content\/uploads\/2012\/02\/Foto-2-610x406.jpg 610w, http:\/\/www.rcub.com.br\/rcub\/wp-content\/uploads\/2012\/02\/Foto-2.jpg 1248w\" sizes=\"(max-width: 300px) 100vw, 300px\" \/><\/a>A comunidade ucraniana, atrav\u00e9s da RCUB e com o apoio da CICBU tudo fez para que<br \/>\nfossem abertas as respectivas representa\u00e7\u00f5es diplom\u00e1ticas do Brasil e da<br \/>\nUcr\u00e2nia. Com esse fim foi para uma delega\u00e7\u00e3o de lideran\u00e7as da comunidade<br \/>\narticulada com o ent\u00e3o Secret\u00e1rio da Administra\u00e7\u00e3o da Presid\u00eancia, diplomata de<br \/>\ncarreira do Itamarati Zenik Krawctschuk, uma audi\u00eancia em 25 de mar\u00e7o de 1994<br \/>\nno Pal\u00e1cio do Planalto com o Exmo. Sr. Presidente da Rep\u00fablica Itamar Franco, onde<br \/>\nem nome da comunidade reivindicou-se a abertura da Embaixada do Brasil em Kyiv,<br \/>\nna Ucr\u00e2nia e apoio para a abertura da Embaixada da Ucr\u00e2nia em Bras\u00edlia. Sua<br \/>\nExcel\u00eancia foi enf\u00e1tico que o faria em breve. E de fato dois meses depois, a<br \/>\nEmbaixada do Brasil na Ucr\u00e2nia, com sede em Kiev (Kyiv), foi criada por Decreto<br \/>\nde 25 de maio de 1994, assinado pelo Presidente ITAMAR FRANCO e Ministro Celso<br \/>\nLuiz Nunes Amorim, publicado do Di\u00e1rio Oficial de Uni\u00e3o de 26 de maio de 1994.<a rel=\"lightbox[slb_2396]\" href=\"http:\/\/www.rcub.com.br\/rcub\/wp-content\/uploads\/2012\/02\/DSC09521.jpg\"><img loading=\"lazy\" class=\"aligncenter size-large wp-image-2441\" title=\"DSC09521\" src=\"http:\/\/www.rcub.com.br\/rcub\/wp-content\/uploads\/2012\/02\/DSC09521-610x813.jpg\" alt=\"\" width=\"610\" height=\"813\" srcset=\"http:\/\/www.rcub.com.br\/rcub\/wp-content\/uploads\/2012\/02\/DSC09521-610x813.jpg 610w, http:\/\/www.rcub.com.br\/rcub\/wp-content\/uploads\/2012\/02\/DSC09521-225x300.jpg 225w, http:\/\/www.rcub.com.br\/rcub\/wp-content\/uploads\/2012\/02\/DSC09521.jpg 1536w\" sizes=\"(max-width: 610px) 100vw, 610px\" \/><\/a><a rel=\"lightbox[slb_2396]\" href=\"http:\/\/www.rcub.com.br\/rcub\/wp-content\/uploads\/2012\/02\/DSC09520.jpg\"><\/a> O primeiro<br \/>\nEmbaixador do Brasil na Ucr\u00e2nia foi o Embaixador Asdr\u00fabal Pinto de Ulyss\u00e9a, que<br \/>\nassumiu a Embaixada no 2\u00b0 semestre de 1994 \u2013 funcionando provisoriamente no<br \/>\nHotel Dnipr\u00f3, na Avenida Khreschatyk, em Kyiv, Capital da Ucr\u00e2nia. O Embaixador<br \/>\nUlyss\u00e9a, em especial defer\u00eancia \u00e0 comunidade ucraniana, antes de assumir a<br \/>\nEmbaixada, veio visitar Curitiba, Irati e Prudent\u00f3polis, conhecer os ucranianos<br \/>\ndo Brasil \u2013 e nisso teve toda a simpatia da comunidade e o apoio da RCUB. O<br \/>\nmesmo ocorreu com os Embaixadores que o sucederam e a colabora\u00e7\u00e3o e excelente<br \/>\nrelacionamento prossegue com o atual Embaixador do Brasil na Ucr\u00e2nia Ant\u00f4nio<br \/>\nFernando Cruz de Mello.<\/p>\n<p><a rel=\"lightbox[slb_2396]\" href=\"http:\/\/www.rcub.com.br\/rcub\/wp-content\/uploads\/2012\/02\/Foto-6.jpg\"><img loading=\"lazy\" class=\"alignleft size-medium wp-image-2405\" title=\"Foto 6\" src=\"http:\/\/www.rcub.com.br\/rcub\/wp-content\/uploads\/2012\/02\/Foto-6-300x193.jpg\" alt=\"\" width=\"300\" height=\"193\" srcset=\"http:\/\/www.rcub.com.br\/rcub\/wp-content\/uploads\/2012\/02\/Foto-6-300x193.jpg 300w, http:\/\/www.rcub.com.br\/rcub\/wp-content\/uploads\/2012\/02\/Foto-6-610x393.jpg 610w, http:\/\/www.rcub.com.br\/rcub\/wp-content\/uploads\/2012\/02\/Foto-6.jpg 1264w\" sizes=\"(max-width: 300px) 100vw, 300px\" \/><\/a><\/p>\n<p>A Embaixada da Ucr\u00e2nia foi por sua vez aberta em Bras\u00edlia no ano seguinte, em julho de 1995. E j\u00e1 em outubro do<br \/>\nmesmo ano veio ao Brasil em visita oficial o Presidente da Ucr\u00e2nia Leonid<br \/>\nKutchma. Tanto na abertura desta Embaixada como na organiza\u00e7\u00e3o e acompanhamento<br \/>\nda visita presidencial, membros da comunidade ucraniana tiveram a honra de<br \/>\nestar presentes e de colaborar intensamente com o Exmo. Sr. Embaixador<br \/>\nOlexander Nykonenko. O mesmo ocorreu com os posteriores diplomatas ucranianos<br \/>\ntitulares da Embaixada da Ucr\u00e2nia em Bras\u00edlia, o Encarregado de Neg\u00f3cios a.i.<br \/>\nRostyslav Tronenko, os Embaixadores Yurii Bogaievsky, Wolodymyr Lakomov e<br \/>\natualmente com o Embaixador Ihor Hrushko.<\/p>\n<p>Da comunidade ucraniana do Brasil h\u00e1 dois C\u00f4nsules Honor\u00e1rios da Ucr\u00e2nia, em Paranagu\u00e1 (Mariano Czaikowski) e em S\u00e3o<br \/>\nPaulo (Jorge Rybka), cujo empenho \u00e9 em prol da intensifica\u00e7\u00e3o das rela\u00e7\u00f5es<br \/>\nentre o Brasil e a Ucr\u00e2nia.<\/p>\n<p>A Representa\u00e7\u00e3o Central Ucraniano<br \/>\nBrasileira, tamb\u00e9m posteriormente sob a presid\u00eancia de Peter Jedyn e de Jos\u00e9<br \/>\nWelgacz, mas especialmente sob a atual presid\u00eancia de Vit\u00f3rio Sorotiuk tem<br \/>\nfeito um intenso e constante trabalho de coopera\u00e7\u00e3o com as representa\u00e7\u00f5es<br \/>\ndiplom\u00e1ticas dos dois pa\u00edses \u2013 estando engajada em eventos importantes, como as<br \/>\nvisitas em 2010 do Presidente do Brasil \u00e0 Ucr\u00e2nia e a recente visita do<br \/>\nPresidente da Ucr\u00e2nia ao Brasil, bem como em todas as atividades que marcaram a<br \/>\ncomemora\u00e7\u00e3o dos 120 anos do in\u00edcio da imigra\u00e7\u00e3o ucraniana no Brasil.<\/p>\n<p>Enquanto os primeiros imigrantes<br \/>\nsonhavam por uma Ucr\u00e2nia independente, coube \u00e0s atuais gera\u00e7\u00f5es viver essa<br \/>\nrealidade, e a comunidade ucraniana do Brasil, orgulha-se de ter prestado sua<br \/>\ncolabora\u00e7\u00e3o e de continuar empenhada no fortalecimento, na consolida\u00e7\u00e3o e<br \/>\nintensifica\u00e7\u00e3o das rela\u00e7\u00f5es entre o Brasil e a Ucr\u00e2nia. Por isso esse jubileu<br \/>\nde 20 anos \u00e9 uma data relevante, motivo de orgulho e satisfa\u00e7\u00e3o tamb\u00e9m para<br \/>\ntodos os ucranianos do Brasil.<\/p>\n<p>Curitiba, 11 de fevereiro de 2012.<\/p>\n<p>Mariano Czaikowski, C\u00f4nsul Honor\u00e1rio<br \/>\nda Ucr\u00e2nia em Paranagu\u00e1<\/p>\n<p>EMBAIXADA DA UCRANIA NO BRASIL<\/p>\n<p><strong>Comunicado \u00e0 Imprensa<\/strong><br \/>\n<strong>20 anos das rela\u00e7\u00f5es diplom\u00e1ticas entre a Ucr\u00e2nia e o Brasil<\/strong><\/p>\n<p>A hist\u00f3ria das rela\u00e7\u00f5es diplom\u00e1ticas entre a Ucr\u00e2nia e a Rep\u00fablica Federativa do Brasil<br \/>\ncome\u00e7a em 11 de fevereiro de 1992. Procurando desenvolver a coopera\u00e7\u00e3o<br \/>\nbilateral mutuamente ben\u00e9fica em interesses de ambas as na\u00e7\u00f5es, e estando<br \/>\nconvencidos de que essa coopera\u00e7\u00e3o vai fortalecer a paz universal e a seguran\u00e7a<br \/>\ninternacional, os Ministros dos Rela\u00e7\u00f5es Exteriores da Ucr\u00e2nia, Anatoliy<br \/>\nZlenko,\u00a0 e do Brasil, Francisco Rezek,<br \/>\nassinaram um acordo sob forma de troca de cartas sobre o estabelecimento de<br \/>\nrela\u00e7\u00f5es diplom\u00e1ticas.<\/p>\n<p>Um passo seguinte foi a abertura de miss\u00f5es diplom\u00e1ticas e consulares \u2013 a Embaixada do<br \/>\nBrasil em Kyiv foi fundada em 04 de janeiro de 1995, e em julho daquele ano<br \/>\niniciou o seu trabalho Embaixada da Ucr\u00e2nia na capital federal brasileira.<br \/>\nAdemais, no Brasil, foram estabelecidos dois postos consulares ucranianas: em<br \/>\nCuritiba, em 1996, e no Rio de Janeiro, em 2000.<\/p>\n<p>Durante estes anos, o di\u00e1logo pol\u00edtico entre os dois pa\u00edses estava desenvolvendo com um<br \/>\ndinamismo por meio de troca de visitas de Chefes de Estados e de Governos,<br \/>\ncnaceleres e outros altos oficiais. Em outubro de 1991, o Primeiro-Ministro da<br \/>\nUcr\u00e2nia visitou o Brasil. Os Presidentes da Ucr\u00e2nia tinham feito uma visita de<br \/>\nestado (em 2011) e dois visitas oficiais (em 1995 e 2003). Al\u00e9m disso, os<br \/>\nChefes dos estados ucraniano e brasileiro encontravam-se durante v\u00e1rios f\u00f3runs<br \/>\ninternacionais, particularmente a Assembleia Geral da ONU em Nova York (nos anos<br \/>\n2003, 2005, 2009 e 2011) e a C\u00fapula do Desenvolvimento Sustent\u00e1vel em<br \/>\nJoanesburgo (em 2002). Durante a C\u00fapula de BRICS, em 2011 na cidade chinesa de<br \/>\nSanya, realizou-se uma reuni\u00e3o bilateral entre o Primeiro-Ministro da Ucr\u00e2nia<br \/>\nMykola Azarov e a Presidenta do Brasil Dilma Rousseff. Os Ministros das<br \/>\nRela\u00e7\u00f5es Exteriores da Ucr\u00e2nia visitaram o Brasil em 1995 e 2012 com visitas<br \/>\noficiais, e em 2005 com visita de trabalho.<\/p>\n<p>Os l\u00edderes brasileiros chegaram \u00e0 Ucr\u00e2nia com visitas de estado em 2002 e 2009. Esta<br \/>\n\u00faltima visita do Presidente do Brasil Luiz In\u00e1sio Lula da Silva, em dezembro de<br \/>\n2009, tornou-se um marco nas rela\u00e7\u00f5es ucraniano-brasileiras, quando os Chefes<br \/>\nde ambos os pa\u00edses concordaram em elevar as rela\u00e7\u00f5es bilaterais ao n\u00edvel de<br \/>\nparceria estrat\u00e9gica.<\/p>\n<p>Em 2011, depois de posse presidencial da Presidenta do Brasil Dilma Rousseff, as partes<br \/>\nreafirmaram o seu compromisso com parceria estrat\u00e9gica, que, em particular, foi<br \/>\nconfirmado pelos resultados da visita de estado do Presidente da Ucr\u00e2nia Victor<br \/>\nYanukovych para o Brasil em outubro de 2011. As partes comprometeram-se a<br \/>\npreencher a parceria com o conte\u00fado concreto via realiza\u00e7\u00e3o dos projetos<br \/>\nexistentes e inicia\u00e7\u00e3o dos projetos novos. E, em menos de 3 meses \u2013 em janeiro<br \/>\nde 2012, na continua\u00e7\u00e3o destes acordos o Ministro das Rela\u00e7\u00f5es Exteriores da<br \/>\nUcr\u00e2nia Kostyantyn Gryshchenko realizou a visita oficial ao Brasil.<\/p>\n<p>Estes contatos frut\u00edferos internacionais resultaram-se em amlplia\u00e7\u00e3o significativa da<br \/>\nbase legal, que hoje em dia totaliza 79 acordos bilaterais vigentes. Uma prova<br \/>\nconcreta da natureza estrat\u00e9gica da parceria ucraniano-brasileira foi a entrada<br \/>\nem vigor, no final de 2011, do Acordo intergovernamental sobre a isen\u00e7\u00e3o<br \/>\nparcial de vistos, que facilitou o interc\u00e3mbio tur\u00edstico e abriu novas<br \/>\noportunidades de coopera\u00e7\u00e3o entre empres\u00e1rio dos dois pa\u00edses.<\/p>\n<p>Um instrumento importante para a coopera\u00e7\u00e3o entre os pa\u00edses s\u00e3o os organismos<br \/>\nbilaterais de alto n\u00edvel, tais como a Comiss\u00e3o Intergovernamental sobre<br \/>\ncom\u00e9rcio e coopera\u00e7\u00e3o econ\u00f4mica e Sub-Comiss\u00e3o sobre com\u00e9rcio e investimento.<br \/>\nLevando em conta essa experi\u00eancia sucess\u00edvel, as partes concordaram<br \/>\nrecentemente em estabelecer o Comit\u00ea Consultivo para a Agricultura.<\/p>\n<p>Desenvolve-se com sucesso o relacionamento ucraniano-brasileiro no \u00e2mbito das organiza\u00e7\u00f5es<br \/>\ninternacionais. Em especial, a Ucr\u00e2nia aprecia os esfor\u00e7os significativos do<br \/>\nBrasil para o fortalecimento da paz e estabilidade internacional, particularmente<br \/>\ndurante sua participa\u00e7\u00e3o no Conselho de Seguran\u00e7a da ONU, como um membro<br \/>\nn\u00e3o-permanente, no bi\u00eanio 2010-2011, ap\u00f3ia a aspira\u00e7\u00e3o do Brasil de integrar,<br \/>\ncomo membro permanente, um Conselho de Seguran\u00e7a ampliado. Exemplos recentes<br \/>\nque confirmam o elevado n\u00edvel de compreens\u00e3o m\u00fatua entre as partes s\u00e3o o ap\u00f3io<br \/>\nucraniano nas elei\u00e7\u00f5es do brasileiro Jos\u00e9 da Silva Graciano ao cargo do Chefe<br \/>\nda Organiza\u00e7\u00e3o das Na\u00e7\u00f5es Unidas para Agricultura e Alimenta\u00e7\u00e3o das Na\u00e7\u00f5es<br \/>\nUnidas, e compromisso brasileiro de apoiar a candidatura da Ucr\u00e2nia nas<br \/>\nelei\u00e7\u00f5es dos membros n\u00e3o-permanentes do Conselho de Seguran\u00e7a da ONU para o<br \/>\nper\u00edodo 2016-2017.<\/p>\n<p><a rel=\"lightbox[slb_2396]\" href=\"http:\/\/www.rcub.com.br\/rcub\/wp-content\/uploads\/2012\/02\/Dilma-e-Yanukovich-41.jpg\"><img loading=\"lazy\" class=\"alignleft size-medium wp-image-2436\" title=\"Dilma e Yanukovich 4\" src=\"http:\/\/www.rcub.com.br\/rcub\/wp-content\/uploads\/2012\/02\/Dilma-e-Yanukovich-41-300x200.jpg\" alt=\"\" width=\"300\" height=\"200\" srcset=\"http:\/\/www.rcub.com.br\/rcub\/wp-content\/uploads\/2012\/02\/Dilma-e-Yanukovich-41-300x200.jpg 300w, http:\/\/www.rcub.com.br\/rcub\/wp-content\/uploads\/2012\/02\/Dilma-e-Yanukovich-41-610x406.jpg 610w, http:\/\/www.rcub.com.br\/rcub\/wp-content\/uploads\/2012\/02\/Dilma-e-Yanukovich-41.jpg 640w\" sizes=\"(max-width: 300px) 100vw, 300px\" \/><\/a>Hoje em dia, o Brasil n\u00e3o \u00e9 apenas estrat\u00e9gico, mas tamb\u00e9m o principal parceiro<br \/>\necon\u00f4mico da Ucr\u00e2nia na Am\u00e9rica Latina. Segundo as estat\u00edsticas da Ucr\u00e2nia e do<br \/>\nBrasil, o com\u00e9rcio bilateral entre os pa\u00edses em 2011 atingiu um n\u00edvel de mais<br \/>\nde US $ 1 bilh\u00e3o, que corresponde ao n\u00edvel pr\u00e9-crise de 2008. Al\u00e9m disso, as<br \/>\npartes est\u00e3o ativamente a desenvolvendo v\u00e1rios projetos conjuntos de alta<br \/>\ntecnologia. Particularmente trata-se do programa &#8220;Cyclone-4 &#8211;<br \/>\nAlc\u00e2ntara&#8221; (projeto de constru\u00e7\u00e3o do cosm\u00f3dromo em Maranh\u00e3o para os<br \/>\nlan\u00e7amentos espaciais utilizando o foguete ucraniano), bem como de constri\u00e7\u00e3o<br \/>\nno Brasil de uma f\u00e1brica de insulina utilizando tecnologias ucranianos.<\/p>\n<p>A Ucr\u00e2nia est\u00e1 disposta a aprofundar a coopera\u00e7\u00e3o mutuamente ben\u00e9fica com o Brasil nas<br \/>\nind\u00fastrias de alta tecnologia, nos quias nosso pa\u00eds tem as mais modernas<br \/>\npr\u00e1ticas e tecnologias. Em particular, na constru\u00e7\u00e3o aeron\u00e1utica, constru\u00e7\u00e3o<br \/>\nnaval, m\u00e1quinas industriais, ind\u00fastrias qu\u00edmicas e de minera\u00e7\u00e3o. Por seu lado,<br \/>\na economia ucraniana est\u00e1 interessada em tecnologias brasileiras de<br \/>\nbiocombust\u00edvel e desenvolvimento de dep\u00f3sitos de hidrocarbonetos profundas.<br \/>\nAlto potencial de desenvolvimento tem a coopera\u00e7\u00e3o t\u00e9cnico-militar.<\/p>\n<p>A parte ucraniana considera as amplas perspectivas para o aprofundamento da coopera\u00e7\u00e3o<br \/>\nna \u00e1rea de educa\u00e7\u00e3o e forma\u00e7\u00e3o. Em particular, no \u00e2mbito do programa do Governo<br \/>\ndo Brasil &#8220;Ci\u00eancia sem Fronteiras&#8221;, nosso pa\u00eds est\u00e1 pronto para<br \/>\noferecer os servi\u00e7os de suas universidades que t\u00eam a experi\u00eancia reconhecida em<br \/>\ntodo o mundo em forma\u00e7\u00e3o dos especialistas, particularmente para as ind\u00fastrias<br \/>\nde alta tecnologia, incluindo foguetes e avi\u00f5es.<\/p>\n<p>Um papel significativo no desenvolvimento da coopera\u00e7\u00e3o bilateral entre os dois pa\u00edses<br \/>\ndesempenha a comunidade de meio milh\u00e3o dos ucranianos no Brasil, que<br \/>\nrecentemente comemorou um anivers\u00e1rio not\u00e1vel &#8211; 120 anos do in\u00edcio da imigra\u00e7\u00e3o<br \/>\nucraniana para o Brasil. Este papel dos ucraninanos em desenvolvimento<br \/>\ns\u00f3cio-econ\u00f3mico do Brasil \u00e9 reconhecido pelos autoridaes deste pa\u00eds<br \/>\nsul-americano. Isto \u00e9 comprovado, em particular, por adop\u00e7\u00e3o pela parte<br \/>\nbrasileira da lei, que estabelece o\u00a0 Dia<br \/>\nNacional da comunidade ucraniana no Brasil, celebrado anualmente em 24 de<br \/>\nagosto. A contribui\u00e7\u00e3o importante da comunidade ucraniana para o enriquecimento<br \/>\nda cultura plural distintiva do Brasil foi destacada tamb\u00e9m pelos Chefes dos<br \/>\ndois Estados em uma declara\u00e7\u00e3o conjunta durante a visita de estado recente do<br \/>\nPresidente da Ucr\u00e2nia ao Brasil.<\/p>\n<p><a rel=\"lightbox[slb_2396]\" href=\"http:\/\/www.rcub.com.br\/rcub\/wp-content\/uploads\/2012\/02\/Vitorio-Sorotiuk-e-Dilma-Roussef.jpg\"><img loading=\"lazy\" class=\"alignleft size-thumbnail wp-image-2422\" title=\"Vitorio Sorotiuk e Dilma Roussef\" src=\"http:\/\/www.rcub.com.br\/rcub\/wp-content\/uploads\/2012\/02\/Vitorio-Sorotiuk-e-Dilma-Roussef-150x150.jpg\" alt=\"\" width=\"150\" height=\"150\" srcset=\"http:\/\/www.rcub.com.br\/rcub\/wp-content\/uploads\/2012\/02\/Vitorio-Sorotiuk-e-Dilma-Roussef-150x150.jpg 150w, http:\/\/www.rcub.com.br\/rcub\/wp-content\/uploads\/2012\/02\/Vitorio-Sorotiuk-e-Dilma-Roussef-61x61.jpg 61w, http:\/\/www.rcub.com.br\/rcub\/wp-content\/uploads\/2012\/02\/Vitorio-Sorotiuk-e-Dilma-Roussef-45x45.jpg 45w, http:\/\/www.rcub.com.br\/rcub\/wp-content\/uploads\/2012\/02\/Vitorio-Sorotiuk-e-Dilma-Roussef-109x109.jpg 109w\" sizes=\"(max-width: 150px) 100vw, 150px\" \/><\/a><a rel=\"lightbox[slb_2396]\" href=\"http:\/\/www.rcub.com.br\/rcub\/wp-content\/uploads\/2012\/02\/229591.jpg\"><img loading=\"lazy\" class=\"alignleft size-full wp-image-2423\" title=\"22959[1]\" src=\"http:\/\/www.rcub.com.br\/rcub\/wp-content\/uploads\/2012\/02\/229591.jpg\" alt=\"\" width=\"125\" height=\"115\" \/><\/a><a rel=\"lightbox[slb_2396]\" href=\"http:\/\/www.rcub.com.br\/rcub\/wp-content\/uploads\/2012\/02\/244761.jpg\"><img loading=\"lazy\" class=\"alignleft size-large wp-image-2424\" title=\"24476[1]\" src=\"http:\/\/www.rcub.com.br\/rcub\/wp-content\/uploads\/2012\/02\/244761-125x101.jpg\" alt=\"\" width=\"125\" height=\"101\" \/><\/a><a rel=\"lightbox[slb_2396]\" href=\"http:\/\/www.rcub.com.br\/rcub\/wp-content\/uploads\/2012\/02\/31724.jpg\"><img loading=\"lazy\" class=\"alignleft size-thumbnail wp-image-2425\" title=\"31724\" src=\"http:\/\/www.rcub.com.br\/rcub\/wp-content\/uploads\/2012\/02\/31724-150x150.jpg\" alt=\"\" width=\"150\" height=\"150\" srcset=\"http:\/\/www.rcub.com.br\/rcub\/wp-content\/uploads\/2012\/02\/31724-150x150.jpg 150w, http:\/\/www.rcub.com.br\/rcub\/wp-content\/uploads\/2012\/02\/31724-61x61.jpg 61w, http:\/\/www.rcub.com.br\/rcub\/wp-content\/uploads\/2012\/02\/31724-45x45.jpg 45w, http:\/\/www.rcub.com.br\/rcub\/wp-content\/uploads\/2012\/02\/31724-109x109.jpg 109w\" sizes=\"(max-width: 150px) 100vw, 150px\" \/><\/a><a rel=\"lightbox[slb_2396]\" href=\"http:\/\/www.rcub.com.br\/rcub\/wp-content\/uploads\/2012\/02\/Comitiva-Vitold-Fokin-2.jpg\"><img loading=\"lazy\" class=\"alignleft size-thumbnail wp-image-2426\" title=\"Comitiva Vitold Fokin 2\" src=\"http:\/\/www.rcub.com.br\/rcub\/wp-content\/uploads\/2012\/02\/Comitiva-Vitold-Fokin-2-150x150.jpg\" alt=\"\" width=\"150\" height=\"150\" srcset=\"http:\/\/www.rcub.com.br\/rcub\/wp-content\/uploads\/2012\/02\/Comitiva-Vitold-Fokin-2-150x150.jpg 150w, http:\/\/www.rcub.com.br\/rcub\/wp-content\/uploads\/2012\/02\/Comitiva-Vitold-Fokin-2-61x61.jpg 61w, http:\/\/www.rcub.com.br\/rcub\/wp-content\/uploads\/2012\/02\/Comitiva-Vitold-Fokin-2-45x45.jpg 45w, http:\/\/www.rcub.com.br\/rcub\/wp-content\/uploads\/2012\/02\/Comitiva-Vitold-Fokin-2-109x109.jpg 109w\" sizes=\"(max-width: 150px) 100vw, 150px\" \/><\/a><a rel=\"lightbox[slb_2396]\" href=\"http:\/\/www.rcub.com.br\/rcub\/wp-content\/uploads\/2012\/02\/Convite-Gov.-1992.jpg\"><img loading=\"lazy\" class=\"alignleft size-thumbnail wp-image-2427\" title=\"Convite Gov. 1992\" src=\"http:\/\/www.rcub.com.br\/rcub\/wp-content\/uploads\/2012\/02\/Convite-Gov.-1992-150x150.jpg\" alt=\"\" width=\"150\" height=\"150\" srcset=\"http:\/\/www.rcub.com.br\/rcub\/wp-content\/uploads\/2012\/02\/Convite-Gov.-1992-150x150.jpg 150w, http:\/\/www.rcub.com.br\/rcub\/wp-content\/uploads\/2012\/02\/Convite-Gov.-1992-61x61.jpg 61w, http:\/\/www.rcub.com.br\/rcub\/wp-content\/uploads\/2012\/02\/Convite-Gov.-1992-45x45.jpg 45w, http:\/\/www.rcub.com.br\/rcub\/wp-content\/uploads\/2012\/02\/Convite-Gov.-1992-109x109.jpg 109w\" sizes=\"(max-width: 150px) 100vw, 150px\" \/><\/a><a rel=\"lightbox[slb_2396]\" href=\"http:\/\/www.rcub.com.br\/rcub\/wp-content\/uploads\/2012\/02\/Convite-1\u00ba-Embaixador1.jpg\"><img loading=\"lazy\" class=\"alignleft size-thumbnail wp-image-2429\" title=\"Convite 1\u00ba Embaixador\" src=\"http:\/\/www.rcub.com.br\/rcub\/wp-content\/uploads\/2012\/02\/Convite-1\u00ba-Embaixador1-150x150.jpg\" alt=\"\" width=\"150\" height=\"150\" srcset=\"http:\/\/www.rcub.com.br\/rcub\/wp-content\/uploads\/2012\/02\/Convite-1\u00ba-Embaixador1-150x150.jpg 150w, http:\/\/www.rcub.com.br\/rcub\/wp-content\/uploads\/2012\/02\/Convite-1\u00ba-Embaixador1-61x61.jpg 61w, http:\/\/www.rcub.com.br\/rcub\/wp-content\/uploads\/2012\/02\/Convite-1\u00ba-Embaixador1-45x45.jpg 45w, http:\/\/www.rcub.com.br\/rcub\/wp-content\/uploads\/2012\/02\/Convite-1\u00ba-Embaixador1-109x109.jpg 109w\" sizes=\"(max-width: 150px) 100vw, 150px\" \/><\/a><a rel=\"lightbox[slb_2396]\" href=\"http:\/\/www.rcub.com.br\/rcub\/wp-content\/uploads\/2012\/02\/Governador-convida-Fokin.jpg\"><img loading=\"lazy\" class=\"alignleft size-thumbnail wp-image-2430\" title=\"Governador convida Fokin\" src=\"http:\/\/www.rcub.com.br\/rcub\/wp-content\/uploads\/2012\/02\/Governador-convida-Fokin-150x150.jpg\" alt=\"\" width=\"150\" height=\"150\" srcset=\"http:\/\/www.rcub.com.br\/rcub\/wp-content\/uploads\/2012\/02\/Governador-convida-Fokin-150x150.jpg 150w, http:\/\/www.rcub.com.br\/rcub\/wp-content\/uploads\/2012\/02\/Governador-convida-Fokin-61x61.jpg 61w, http:\/\/www.rcub.com.br\/rcub\/wp-content\/uploads\/2012\/02\/Governador-convida-Fokin-45x45.jpg 45w, http:\/\/www.rcub.com.br\/rcub\/wp-content\/uploads\/2012\/02\/Governador-convida-Fokin-109x109.jpg 109w\" sizes=\"(max-width: 150px) 100vw, 150px\" \/><\/a><a rel=\"lightbox[slb_2396]\" href=\"http:\/\/www.rcub.com.br\/rcub\/wp-content\/uploads\/2012\/02\/Lazebnek-Vit\u00f3rio-e-Governador-2.jpg\"><img loading=\"lazy\" class=\"alignleft size-thumbnail wp-image-2431\" title=\"Lazebnek, Vit\u00f3rio e Governador 2\" src=\"http:\/\/www.rcub.com.br\/rcub\/wp-content\/uploads\/2012\/02\/Lazebnek-Vit\u00f3rio-e-Governador-2-150x150.jpg\" alt=\"\" width=\"150\" height=\"150\" srcset=\"http:\/\/www.rcub.com.br\/rcub\/wp-content\/uploads\/2012\/02\/Lazebnek-Vit\u00f3rio-e-Governador-2-150x150.jpg 150w, http:\/\/www.rcub.com.br\/rcub\/wp-content\/uploads\/2012\/02\/Lazebnek-Vit\u00f3rio-e-Governador-2-61x61.jpg 61w, http:\/\/www.rcub.com.br\/rcub\/wp-content\/uploads\/2012\/02\/Lazebnek-Vit\u00f3rio-e-Governador-2-45x45.jpg 45w, http:\/\/www.rcub.com.br\/rcub\/wp-content\/uploads\/2012\/02\/Lazebnek-Vit\u00f3rio-e-Governador-2-109x109.jpg 109w\" sizes=\"(max-width: 150px) 100vw, 150px\" \/><\/a><a rel=\"lightbox[slb_2396]\" href=\"http:\/\/www.rcub.com.br\/rcub\/wp-content\/uploads\/2012\/02\/Lula-e-Kutchma-brinde-no-almo\u00e7o1.jpg\"><img loading=\"lazy\" class=\"alignleft size-thumbnail wp-image-2433\" title=\"Lula e Kutchma brinde no almo\u00e7o\" src=\"http:\/\/www.rcub.com.br\/rcub\/wp-content\/uploads\/2012\/02\/Lula-e-Kutchma-brinde-no-almo\u00e7o1-150x150.jpg\" alt=\"\" width=\"150\" height=\"150\" srcset=\"http:\/\/www.rcub.com.br\/rcub\/wp-content\/uploads\/2012\/02\/Lula-e-Kutchma-brinde-no-almo\u00e7o1-150x150.jpg 150w, http:\/\/www.rcub.com.br\/rcub\/wp-content\/uploads\/2012\/02\/Lula-e-Kutchma-brinde-no-almo\u00e7o1-61x61.jpg 61w, http:\/\/www.rcub.com.br\/rcub\/wp-content\/uploads\/2012\/02\/Lula-e-Kutchma-brinde-no-almo\u00e7o1-45x45.jpg 45w, http:\/\/www.rcub.com.br\/rcub\/wp-content\/uploads\/2012\/02\/Lula-e-Kutchma-brinde-no-almo\u00e7o1-109x109.jpg 109w\" sizes=\"(max-width: 150px) 100vw, 150px\" \/><\/a><\/p>\n","protected":false},"excerpt":{"rendered":"<p>20 anos das rela\u00e7\u00f5es diplom\u00e1ticas Brasil-Ucr\u00e2nia e a Comunidade Ucraniana Em 11 de fevereiro de 2012 completaram-se 20 anos do estabelecimento formal das rela\u00e7\u00f5es diplom\u00e1ticas entre o Brasil e a [&hellip;]<\/p>\n","protected":false},"author":1,"featured_media":2398,"comment_status":"open","ping_status":"open","sticky":false,"template":"","format":"standard","meta":[],"categories":[1],"tags":[22],"_links":{"self":[{"href":"http:\/\/www.rcub.com.br\/rcub\/wp-json\/wp\/v2\/posts\/2396"}],"collection":[{"href":"http:\/\/www.rcub.com.br\/rcub\/wp-json\/wp\/v2\/posts"}],"about":[{"href":"http:\/\/www.rcub.com.br\/rcub\/wp-json\/wp\/v2\/types\/post"}],"author":[{"embeddable":true,"href":"http:\/\/www.rcub.com.br\/rcub\/wp-json\/wp\/v2\/users\/1"}],"replies":[{"embeddable":true,"href":"http:\/\/www.rcub.com.br\/rcub\/wp-json\/wp\/v2\/comments?post=2396"}],"version-history":[{"count":14,"href":"http:\/\/www.rcub.com.br\/rcub\/wp-json\/wp\/v2\/posts\/2396\/revisions"}],"predecessor-version":[{"id":2400,"href":"http:\/\/www.rcub.com.br\/rcub\/wp-json\/wp\/v2\/posts\/2396\/revisions\/2400"}],"wp:featuredmedia":[{"embeddable":true,"href":"http:\/\/www.rcub.com.br\/rcub\/wp-json\/wp\/v2\/media\/2398"}],"wp:attachment":[{"href":"http:\/\/www.rcub.com.br\/rcub\/wp-json\/wp\/v2\/media?parent=2396"}],"wp:term":[{"taxonomy":"category","embeddable":true,"href":"http:\/\/www.rcub.com.br\/rcub\/wp-json\/wp\/v2\/categories?post=2396"},{"taxonomy":"post_tag","embeddable":true,"href":"http:\/\/www.rcub.com.br\/rcub\/wp-json\/wp\/v2\/tags?post=2396"}],"curies":[{"name":"wp","href":"https:\/\/api.w.org\/{rel}","templated":true}]}}