{"id":1999,"date":"2011-09-26T08:04:54","date_gmt":"2011-09-26T11:04:54","guid":{"rendered":"http:\/\/www.rcub.com.br\/rcub\/?p=1999"},"modified":"2011-09-26T11:18:54","modified_gmt":"2011-09-26T14:18:54","slug":"sao-paulo-comemora-os-120-anos-da-imigracao-ucraniana","status":"publish","type":"post","link":"http:\/\/www.rcub.com.br\/rcub\/sao-paulo-comemora-os-120-anos-da-imigracao-ucraniana\/","title":{"rendered":"S\u00e3o Paulo comemora os 120 anos da Imigra\u00e7\u00e3o Ucraniana"},"content":{"rendered":"<p><a rel=\"lightbox[slb_1999]\" href=\"http:\/\/www.rcub.com.br\/rcub\/wp-content\/uploads\/2011\/09\/012.jpg\"><img loading=\"lazy\" class=\"alignleft size-medium wp-image-2000\" title=\"012\" src=\"http:\/\/www.rcub.com.br\/rcub\/wp-content\/uploads\/2011\/09\/012-300x225.jpg\" alt=\"\" width=\"300\" height=\"225\" srcset=\"http:\/\/www.rcub.com.br\/rcub\/wp-content\/uploads\/2011\/09\/012-300x225.jpg 300w, http:\/\/www.rcub.com.br\/rcub\/wp-content\/uploads\/2011\/09\/012-610x457.jpg 610w, http:\/\/www.rcub.com.br\/rcub\/wp-content\/uploads\/2011\/09\/012.jpg 2048w\" sizes=\"(max-width: 300px) 100vw, 300px\" \/><\/a>No dia 24 de setembro teve<br \/>\ninicio o 40\u00ba Festival de Dan\u00e7as Folcl\u00f3ricas Internacional em S\u00e3o Paulo. O<br \/>\nEvento teve in\u00edcio com uma homenagem aos 120 anos da Imigra\u00e7\u00e3o<br \/>\nUcraniana para o Brasil e o Anivers\u00e1rio dos 50 anos de atividades do<br \/>\nGrupo Folcl\u00f3ricas Ucranianas Kyiv. O<br \/>\nConselheiro Oleksii Liashenko que esteve acompanhado de sua esposa<br \/>\nrepresentou o Embaixador da Ucr\u00e2nia Ihor Hrushko. O Presidente da<br \/>\nRepresenta\u00e7\u00e3o Central Ucraniano Brasileira agradeceu ao Presidente da<br \/>\nSociedade Brasileira de Cultura Japonesa e de Assist\u00eancia Social &#8211;<br \/>\nBUNKYO Sr. Kihatiro Kita as homenagens que foram prestadas aos 120 anos<br \/>\nda Imigra\u00e7\u00e3o Ucraniana para o Brasil. O Presidente do Grupo Kyiv que \u00e9<br \/>\nConsul Honor\u00e1rio da Ucr\u00e2nia em S\u00e3o Paulo e Vice Presidente da<br \/>\nRepresenta\u00e7\u00e3o Central Ucraniano Brasileira foi o lider das comemora\u00e7\u00f5es<br \/>\n120 anos da Imigra\u00e7\u00e3o Ucraniana para o Brasil que contou com a<br \/>\nmobiliza\u00e7\u00e3o de toda a comunidade ucraniana em S\u00e3o Paulo. O Festival se encerrou no domingo dia 25 com a participa\u00e7\u00e3o do grupo de Dan\u00e7as Folcl\u00f3ricas Ucranianas Kyiv.<br \/>\n<a rel=\"lightbox[slb_1999]\" href=\"http:\/\/www.rcub.com.br\/rcub\/wp-content\/uploads\/2011\/09\/014.jpg\"><\/a><a rel=\"lightbox[slb_1999]\" href=\"http:\/\/www.rcub.com.br\/rcub\/wp-content\/uploads\/2011\/09\/003.jpg\"><img loading=\"lazy\" class=\"alignleft size-thumbnail wp-image-2003\" title=\"003\" src=\"http:\/\/www.rcub.com.br\/rcub\/wp-content\/uploads\/2011\/09\/003-150x150.jpg\" alt=\"\" width=\"150\" height=\"150\" srcset=\"http:\/\/www.rcub.com.br\/rcub\/wp-content\/uploads\/2011\/09\/003-150x150.jpg 150w, http:\/\/www.rcub.com.br\/rcub\/wp-content\/uploads\/2011\/09\/003-61x61.jpg 61w, http:\/\/www.rcub.com.br\/rcub\/wp-content\/uploads\/2011\/09\/003-45x45.jpg 45w, http:\/\/www.rcub.com.br\/rcub\/wp-content\/uploads\/2011\/09\/003-109x109.jpg 109w\" sizes=\"(max-width: 150px) 100vw, 150px\" \/><\/a><a rel=\"lightbox[slb_1999]\" href=\"http:\/\/www.rcub.com.br\/rcub\/wp-content\/uploads\/2011\/09\/002.jpg\"><img loading=\"lazy\" class=\"alignleft size-thumbnail wp-image-2002\" title=\"002\" src=\"http:\/\/www.rcub.com.br\/rcub\/wp-content\/uploads\/2011\/09\/002-150x150.jpg\" alt=\"\" width=\"150\" height=\"150\" srcset=\"http:\/\/www.rcub.com.br\/rcub\/wp-content\/uploads\/2011\/09\/002-150x150.jpg 150w, http:\/\/www.rcub.com.br\/rcub\/wp-content\/uploads\/2011\/09\/002-61x61.jpg 61w, http:\/\/www.rcub.com.br\/rcub\/wp-content\/uploads\/2011\/09\/002-45x45.jpg 45w, http:\/\/www.rcub.com.br\/rcub\/wp-content\/uploads\/2011\/09\/002-109x109.jpg 109w\" sizes=\"(max-width: 150px) 100vw, 150px\" \/><\/a><a rel=\"lightbox[slb_1999]\" href=\"http:\/\/www.rcub.com.br\/rcub\/wp-content\/uploads\/2011\/09\/001.jpg\"><img loading=\"lazy\" class=\"alignleft size-thumbnail wp-image-2001\" title=\"001\" src=\"http:\/\/www.rcub.com.br\/rcub\/wp-content\/uploads\/2011\/09\/001-150x150.jpg\" alt=\"\" width=\"150\" height=\"150\" srcset=\"http:\/\/www.rcub.com.br\/rcub\/wp-content\/uploads\/2011\/09\/001-150x150.jpg 150w, http:\/\/www.rcub.com.br\/rcub\/wp-content\/uploads\/2011\/09\/001-61x61.jpg 61w, http:\/\/www.rcub.com.br\/rcub\/wp-content\/uploads\/2011\/09\/001-45x45.jpg 45w, http:\/\/www.rcub.com.br\/rcub\/wp-content\/uploads\/2011\/09\/001-109x109.jpg 109w\" sizes=\"(max-width: 150px) 100vw, 150px\" \/><\/a><a rel=\"lightbox[slb_1999]\" href=\"http:\/\/www.rcub.com.br\/rcub\/wp-content\/uploads\/2011\/09\/011.jpg\"><img loading=\"lazy\" class=\"alignleft size-thumbnail wp-image-2006\" title=\"011\" src=\"http:\/\/www.rcub.com.br\/rcub\/wp-content\/uploads\/2011\/09\/011-150x150.jpg\" alt=\"\" width=\"150\" height=\"150\" srcset=\"http:\/\/www.rcub.com.br\/rcub\/wp-content\/uploads\/2011\/09\/011-150x150.jpg 150w, http:\/\/www.rcub.com.br\/rcub\/wp-content\/uploads\/2011\/09\/011-61x61.jpg 61w, http:\/\/www.rcub.com.br\/rcub\/wp-content\/uploads\/2011\/09\/011-45x45.jpg 45w, http:\/\/www.rcub.com.br\/rcub\/wp-content\/uploads\/2011\/09\/011-109x109.jpg 109w\" sizes=\"(max-width: 150px) 100vw, 150px\" \/><\/a><\/p>\n<p>&nbsp;<\/p>\n<p>&nbsp;<\/p>\n<p>&nbsp;<\/p>\n<p>&nbsp;<\/p>\n<p><a rel=\"lightbox[slb_1999]\" href=\"http:\/\/www.rcub.com.br\/rcub\/wp-content\/uploads\/2011\/09\/010.jpg\"><img loading=\"lazy\" class=\"alignleft size-thumbnail wp-image-2007\" title=\"010\" src=\"http:\/\/www.rcub.com.br\/rcub\/wp-content\/uploads\/2011\/09\/010-150x150.jpg\" alt=\"\" width=\"150\" height=\"150\" srcset=\"http:\/\/www.rcub.com.br\/rcub\/wp-content\/uploads\/2011\/09\/010-150x150.jpg 150w, http:\/\/www.rcub.com.br\/rcub\/wp-content\/uploads\/2011\/09\/010-61x61.jpg 61w, http:\/\/www.rcub.com.br\/rcub\/wp-content\/uploads\/2011\/09\/010-45x45.jpg 45w, http:\/\/www.rcub.com.br\/rcub\/wp-content\/uploads\/2011\/09\/010-109x109.jpg 109w\" sizes=\"(max-width: 150px) 100vw, 150px\" \/><\/a><a rel=\"lightbox[slb_1999]\" href=\"http:\/\/www.rcub.com.br\/rcub\/wp-content\/uploads\/2011\/09\/006.jpg\"><img loading=\"lazy\" class=\"alignleft size-thumbnail wp-image-2008\" title=\"006\" src=\"http:\/\/www.rcub.com.br\/rcub\/wp-content\/uploads\/2011\/09\/006-150x150.jpg\" alt=\"\" width=\"150\" height=\"150\" srcset=\"http:\/\/www.rcub.com.br\/rcub\/wp-content\/uploads\/2011\/09\/006-150x150.jpg 150w, http:\/\/www.rcub.com.br\/rcub\/wp-content\/uploads\/2011\/09\/006-61x61.jpg 61w, http:\/\/www.rcub.com.br\/rcub\/wp-content\/uploads\/2011\/09\/006-45x45.jpg 45w, http:\/\/www.rcub.com.br\/rcub\/wp-content\/uploads\/2011\/09\/006-109x109.jpg 109w\" sizes=\"(max-width: 150px) 100vw, 150px\" \/><\/a><a rel=\"lightbox[slb_1999]\" href=\"http:\/\/www.rcub.com.br\/rcub\/wp-content\/uploads\/2011\/09\/005.jpg\"><img loading=\"lazy\" class=\"alignleft size-thumbnail wp-image-2009\" title=\"005\" src=\"http:\/\/www.rcub.com.br\/rcub\/wp-content\/uploads\/2011\/09\/005-150x150.jpg\" alt=\"\" width=\"150\" height=\"150\" srcset=\"http:\/\/www.rcub.com.br\/rcub\/wp-content\/uploads\/2011\/09\/005-150x150.jpg 150w, http:\/\/www.rcub.com.br\/rcub\/wp-content\/uploads\/2011\/09\/005-61x61.jpg 61w, http:\/\/www.rcub.com.br\/rcub\/wp-content\/uploads\/2011\/09\/005-45x45.jpg 45w, http:\/\/www.rcub.com.br\/rcub\/wp-content\/uploads\/2011\/09\/005-109x109.jpg 109w\" sizes=\"(max-width: 150px) 100vw, 150px\" \/><\/a><a rel=\"lightbox[slb_1999]\" href=\"http:\/\/www.rcub.com.br\/rcub\/wp-content\/uploads\/2011\/09\/004.jpg\"><img loading=\"lazy\" class=\"alignleft size-thumbnail wp-image-2010\" title=\"004\" src=\"http:\/\/www.rcub.com.br\/rcub\/wp-content\/uploads\/2011\/09\/004-150x150.jpg\" alt=\"\" width=\"150\" height=\"150\" srcset=\"http:\/\/www.rcub.com.br\/rcub\/wp-content\/uploads\/2011\/09\/004-150x150.jpg 150w, http:\/\/www.rcub.com.br\/rcub\/wp-content\/uploads\/2011\/09\/004-61x61.jpg 61w, http:\/\/www.rcub.com.br\/rcub\/wp-content\/uploads\/2011\/09\/004-45x45.jpg 45w, http:\/\/www.rcub.com.br\/rcub\/wp-content\/uploads\/2011\/09\/004-109x109.jpg 109w\" sizes=\"(max-width: 150px) 100vw, 150px\" \/><\/a><a rel=\"lightbox[slb_1999]\" href=\"http:\/\/www.rcub.com.br\/rcub\/wp-content\/uploads\/2011\/09\/0131.jpg\"><img loading=\"lazy\" class=\"alignleft size-thumbnail wp-image-2011\" title=\"013\" src=\"http:\/\/www.rcub.com.br\/rcub\/wp-content\/uploads\/2011\/09\/0131-150x150.jpg\" alt=\"\" width=\"150\" height=\"150\" srcset=\"http:\/\/www.rcub.com.br\/rcub\/wp-content\/uploads\/2011\/09\/0131-150x150.jpg 150w, http:\/\/www.rcub.com.br\/rcub\/wp-content\/uploads\/2011\/09\/0131-61x61.jpg 61w, http:\/\/www.rcub.com.br\/rcub\/wp-content\/uploads\/2011\/09\/0131-45x45.jpg 45w, http:\/\/www.rcub.com.br\/rcub\/wp-content\/uploads\/2011\/09\/0131-109x109.jpg 109w\" sizes=\"(max-width: 150px) 100vw, 150px\" \/><\/a><\/p>\n<p>&nbsp;<\/p>\n<p>&nbsp;<\/p>\n<p>&nbsp;<\/p>\n<p>&nbsp;<\/p>\n<p>DISCURSO DO CONSELHEIRO OLEKSII LIASHENKO DA EMBAIXADA DA UCR\u00c2NOA<br \/>\nPREZADO SR. KIHATIRO KITA<\/p>\n<p>PRESIDENTE DA SOCIEDADE BRASILEIRA DE CULTURA JAPONESA<br \/>\nDE ASSIST\u00caNCIA SOCIAL<\/p>\n<p>ESTIMADOS REPRESENTANTES DE GOVERNO DE S\u00c3O PAULO<\/p>\n<p>ESTIMADOS MEMBROS DO CORPO DIPLOM\u00c1TICO EM S\u00c3O PAULO<\/p>\n<p>RESPEIT\u00c1VEL COMUNIDADE UCRANIANA!<\/p>\n<p>SENHORAS E SENHORES, SA\u00daDO CORDIALMENTE A TODOS OS PRESENTES \u00c0 CERIM\u00d4NIA DOS 120 ANOS DE IMIGRA\u00c7\u00c3O UCRANIANA EM S\u00c3O PAULO E A ABERTURA DA 40\u00aa EDI\u00c7\u00c3O DO FESTIVAL DE DAN\u00c7AS FOLCL\u00d3RICAS INTERNACIONAIS.<\/p>\n<p>\u00c9 UMA HONRA PARA MIM E MINHA ESPOSA ESTAR PRESENTES NESTE EVENTO IMPORTANTE.<\/p>\n<p>QUERO AGRADECER AO SR. KIHATIRO KITA POR ESTA OPORTUNIDADE.<\/p>\n<p>A UCR\u00c2NIA SABE DAS CONQUISTAS DE VOC\u00caS NO BRASIL DISTANTE E AS LEVA EM ALTA CONSIDERA\u00c7\u00c3O,<br \/>\nORGULHANDO-SE DAS MESMAS. COM ESPECIAL SENTIMENTO DE ORGULHO PELOS UCRANIANOS<br \/>\nDO BRASIL, FOI RECEBIDA EM \u00a0NOSSO PA\u00cdS A NOT\u00cdCIA DA PROMULGA\u00c7\u00c3O PELO PRESIDENTE DO BRASIL<br \/>\nDA LEI QUE DECLAROU O DIA 24 DE AGOSTO COMO DATA NACIONAL DA COMUNIDADE<br \/>\nUCRANIANA. AFINAL, DESDE A VINDA AO BRASIL DAS PRIMEIRAS FAM\u00cdLIAS DA UCR\u00c2NIA<br \/>\nOCIDENTAL, A COMUNIDADE UCRANIANA DAQUI PERCORREU UM \u00c1RDUO CAMINHO PARA SUA CONSOLIDA\u00c7\u00c3O.J\u00c1 TIVE A OPORTUNIDADE DE VISITAR PESSOALMENTE<br \/>\nOS CENTROS DA COMUNIDADE UCRANIANA NO BRASIL E DE CONHECER OS UCRANIANOS DE<br \/>\nCURITIBA. AGORA ESTOU VISITANDO S\u00c3O PAULO, CUJA COMUNIDADE UCRANIANA \u00c9 DE ELEVADA IMPORT\u00c2NCIA.O QUE MAIS IMPRESSIONA \u00c9 QUE DURANTE OS PRIMEIROS CEM ANOS, SEM TER QUAISQUER CONTATOS COM<br \/>\nA UCR\u00c2NIA, OS UCRANIANOS NO BRASIL PRESERVARAM A L\u00cdNGUA MATERNA, AS FESTAS, OS<br \/>\nRITOS, A CULTURA, A F\u00c9. N\u00c3O PERDERAM SUA ESS\u00caNCIA UCRANIANA. ESTOU CERTO DE QUE<br \/>\nESSE FATO DEVERIA SER INCLU\u00cdDO NO LIVRO DOS RECORDES \u2013 GUINESS BOOK.<\/p>\n<p>O FATO DE DURANTE 120 ANOS OS UCRANIANOS NO BRASIL TEREM MANTIDO A UCR\u00c2NIA EM SEUS CORA\u00c7\u00d5ES, N\u00d3S<br \/>\nATRIBU\u00cdMOS COM GRATID\u00c3O \u00c0S IGREJAS GREGO-CAT\u00d3LICA E ORTODOXA NO BRASIL, COMO<br \/>\nTAMB\u00c9M AOS L\u00cdDERES DAS ORGANIZA\u00c7\u00d5ES CIVIS \u2013 REPRESENTA\u00c7\u00c3O CENTRAL<br \/>\nUCRANIANO-BRASILEIRA, SOCIEDADE UCRANIANA DO BRASIL, SOCIEDADE DOS AMIGOS DA<br \/>\nCULTURA UCRANIANA, ASSOCIA\u00c7\u00c3O DA JUVENTUDE UCRA\u00cdNO-BRASILEIRA E SOCIEDADE<br \/>\nUCRANIANA BRASILEIRA \u201cUNIFICA\u00c7\u00c3O\u201d, ESTA \u00daLTIMA A \u00daNICA EM S\u00c3O PAULO.PERMITAM-ME ENT\u00c3O, NESTA TARDE FESTIVA DESEJAR A TODOS VOC\u00caS SUCESSO NA REALIZA\u00c7\u00c3O DE T\u00c3O AMPLA COMEMORA\u00c7\u00c3O JUBILAR.<\/p>\n","protected":false},"excerpt":{"rendered":"<p>No dia 24 de setembro teve inicio o 40\u00ba Festival de Dan\u00e7as Folcl\u00f3ricas Internacional em S\u00e3o Paulo. O Evento teve in\u00edcio com uma homenagem aos 120 anos da Imigra\u00e7\u00e3o Ucraniana [&hellip;]<\/p>\n","protected":false},"author":1,"featured_media":2000,"comment_status":"open","ping_status":"open","sticky":false,"template":"","format":"standard","meta":[],"categories":[1],"tags":[],"_links":{"self":[{"href":"http:\/\/www.rcub.com.br\/rcub\/wp-json\/wp\/v2\/posts\/1999"}],"collection":[{"href":"http:\/\/www.rcub.com.br\/rcub\/wp-json\/wp\/v2\/posts"}],"about":[{"href":"http:\/\/www.rcub.com.br\/rcub\/wp-json\/wp\/v2\/types\/post"}],"author":[{"embeddable":true,"href":"http:\/\/www.rcub.com.br\/rcub\/wp-json\/wp\/v2\/users\/1"}],"replies":[{"embeddable":true,"href":"http:\/\/www.rcub.com.br\/rcub\/wp-json\/wp\/v2\/comments?post=1999"}],"version-history":[{"count":4,"href":"http:\/\/www.rcub.com.br\/rcub\/wp-json\/wp\/v2\/posts\/1999\/revisions"}],"predecessor-version":[{"id":2013,"href":"http:\/\/www.rcub.com.br\/rcub\/wp-json\/wp\/v2\/posts\/1999\/revisions\/2013"}],"wp:featuredmedia":[{"embeddable":true,"href":"http:\/\/www.rcub.com.br\/rcub\/wp-json\/wp\/v2\/media\/2000"}],"wp:attachment":[{"href":"http:\/\/www.rcub.com.br\/rcub\/wp-json\/wp\/v2\/media?parent=1999"}],"wp:term":[{"taxonomy":"category","embeddable":true,"href":"http:\/\/www.rcub.com.br\/rcub\/wp-json\/wp\/v2\/categories?post=1999"},{"taxonomy":"post_tag","embeddable":true,"href":"http:\/\/www.rcub.com.br\/rcub\/wp-json\/wp\/v2\/tags?post=1999"}],"curies":[{"name":"wp","href":"https:\/\/api.w.org\/{rel}","templated":true}]}}