{"id":1712,"date":"2011-08-05T23:07:45","date_gmt":"2011-08-06T02:07:45","guid":{"rendered":"http:\/\/www.rcub.com.br\/rcub\/?p=1712"},"modified":"2011-09-14T08:02:43","modified_gmt":"2011-09-14T11:02:43","slug":"os-correios-lancam-selo-comemorativo-dos-120-anos-da-imigracao-dia-24-de-agosto","status":"publish","type":"post","link":"http:\/\/www.rcub.com.br\/rcub\/os-correios-lancam-selo-comemorativo-dos-120-anos-da-imigracao-dia-24-de-agosto\/","title":{"rendered":"Os Correios do Brasil e da Ucr\u00e2nia editaram selo comemorativo dos 120 anos da Imigra\u00e7\u00e3o dia 24 de agosto."},"content":{"rendered":"<h5><a rel=\"lightbox[slb_1712]\" href=\"http:\/\/www.rcub.com.br\/rcub\/wp-content\/uploads\/2011\/08\/SELO_BRASIL_UCRANIA.jpg\"><\/a><a rel=\"lightbox[slb_1712]\" href=\"http:\/\/www.rcub.com.br\/rcub\/wp-content\/uploads\/2011\/08\/SELO_BRASIL_UCRANIA1.jpg\"><br \/>\n<\/a><br \/>\nAtendendo solicita\u00e7\u00e3o da Representa\u00e7\u00e3o Central Ucraniano Brasileira os Correios do Brasil editou \u00a0dia 24 de Agosto em Mallet e em Bras\u00edlia o selo comemorativo dos 120 Anos da Imigra\u00e7\u00e3o Ucraniana para o Brasil<\/h5>\n<p>&nbsp;<\/p>\n<p style=\"text-align: center;\"><a rel=\"lightbox[slb_1712]\" href=\"http:\/\/www.rcub.com.br\/rcub\/wp-content\/uploads\/2011\/08\/EECT-presenteia-Embaixador.jpg\"><img loading=\"lazy\" class=\"size-medium wp-image-1933 aligncenter\" title=\"EECT presenteia Embaixador\" src=\"http:\/\/www.rcub.com.br\/rcub\/wp-content\/uploads\/2011\/08\/EECT-presenteia-Embaixador-300x199.jpg\" alt=\"\" width=\"300\" height=\"199\" srcset=\"http:\/\/www.rcub.com.br\/rcub\/wp-content\/uploads\/2011\/08\/EECT-presenteia-Embaixador-300x199.jpg 300w, http:\/\/www.rcub.com.br\/rcub\/wp-content\/uploads\/2011\/08\/EECT-presenteia-Embaixador-610x405.jpg 610w, http:\/\/www.rcub.com.br\/rcub\/wp-content\/uploads\/2011\/08\/EECT-presenteia-Embaixador.jpg 812w\" sizes=\"(max-width: 300px) 100vw, 300px\" \/><\/a><\/p>\n<h5><a rel=\"lightbox[slb_1712]\" href=\"http:\/\/www.rcub.com.br\/rcub\/wp-content\/uploads\/2011\/08\/SELO_BRASIL_UCRANIA-2.jpg\"><img loading=\"lazy\" class=\"aligncenter size-full wp-image-1713\" title=\"SELO_BRASIL_UCRANIA (2)\" src=\"http:\/\/www.rcub.com.br\/rcub\/wp-content\/uploads\/2011\/08\/SELO_BRASIL_UCRANIA-2.jpg\" alt=\"\" width=\"521\" height=\"309\" srcset=\"http:\/\/www.rcub.com.br\/rcub\/wp-content\/uploads\/2011\/08\/SELO_BRASIL_UCRANIA-2.jpg 521w, http:\/\/www.rcub.com.br\/rcub\/wp-content\/uploads\/2011\/08\/SELO_BRASIL_UCRANIA-2-300x177.jpg 300w\" sizes=\"(max-width: 521px) 100vw, 521px\" \/><\/a><\/h5>\n<h5><a rel=\"lightbox[slb_1712]\" href=\"http:\/\/www.rcub.com.br\/rcub\/wp-content\/uploads\/2011\/08\/Sello-Mallet-ECT-Prefeito.jpg\"><\/a><a rel=\"lightbox[slb_1712]\" href=\"http:\/\/www.rcub.com.br\/rcub\/wp-content\/uploads\/2011\/08\/Selo-ECT-e-Consul-LarysaMyronenko.jpg\"><img loading=\"lazy\" class=\"alignleft size-full wp-image-1942\" title=\"Selo ECT e Consul LarysaMyronenko\" src=\"http:\/\/www.rcub.com.br\/rcub\/wp-content\/uploads\/2011\/08\/Selo-ECT-e-Consul-LarysaMyronenko.jpg\" alt=\"\" width=\"104\" height=\"104\" srcset=\"http:\/\/www.rcub.com.br\/rcub\/wp-content\/uploads\/2011\/08\/Selo-ECT-e-Consul-LarysaMyronenko.jpg 104w, http:\/\/www.rcub.com.br\/rcub\/wp-content\/uploads\/2011\/08\/Selo-ECT-e-Consul-LarysaMyronenko-61x61.jpg 61w, http:\/\/www.rcub.com.br\/rcub\/wp-content\/uploads\/2011\/08\/Selo-ECT-e-Consul-LarysaMyronenko-45x45.jpg 45w\" sizes=\"(max-width: 104px) 100vw, 104px\" \/><\/a><a rel=\"lightbox[slb_1712]\" href=\"http:\/\/www.rcub.com.br\/rcub\/wp-content\/uploads\/2011\/08\/Selo-Lan\u00e7amento-em-Mallet.jpg\"><\/a><a rel=\"lightbox[slb_1712]\" href=\"http:\/\/www.rcub.com.br\/rcub\/wp-content\/uploads\/2011\/08\/Sello-Mallet-ECT-Prefeito1.jpg\"><img loading=\"lazy\" class=\"alignleft size-full wp-image-1945\" title=\"Sello Mallet - ECT Prefeito\" src=\"http:\/\/www.rcub.com.br\/rcub\/wp-content\/uploads\/2011\/08\/Sello-Mallet-ECT-Prefeito1.jpg\" alt=\"\" width=\"104\" height=\"104\" srcset=\"http:\/\/www.rcub.com.br\/rcub\/wp-content\/uploads\/2011\/08\/Sello-Mallet-ECT-Prefeito1.jpg 104w, http:\/\/www.rcub.com.br\/rcub\/wp-content\/uploads\/2011\/08\/Sello-Mallet-ECT-Prefeito1-61x61.jpg 61w, http:\/\/www.rcub.com.br\/rcub\/wp-content\/uploads\/2011\/08\/Sello-Mallet-ECT-Prefeito1-45x45.jpg 45w\" sizes=\"(max-width: 104px) 100vw, 104px\" \/><\/a><img loading=\"lazy\" class=\"aligncenter size-medium wp-image-1943\" title=\"Selo Lan\u00e7amento em Mallet\" src=\"http:\/\/www.rcub.com.br\/rcub\/wp-content\/uploads\/2011\/08\/Selo-Lan\u00e7amento-em-Mallet-225x300.jpg\" alt=\"\" width=\"225\" height=\"300\" srcset=\"http:\/\/www.rcub.com.br\/rcub\/wp-content\/uploads\/2011\/08\/Selo-Lan\u00e7amento-em-Mallet-225x300.jpg 225w, http:\/\/www.rcub.com.br\/rcub\/wp-content\/uploads\/2011\/08\/Selo-Lan\u00e7amento-em-Mallet-610x813.jpg 610w, http:\/\/www.rcub.com.br\/rcub\/wp-content\/uploads\/2011\/08\/Selo-Lan\u00e7amento-em-Mallet.jpg 768w\" sizes=\"(max-width: 225px) 100vw, 225px\" \/><\/h5>\n<h5>Edital do Selo em PDF. <a href=\"http:\/\/www.rcub.com.br\/rcub\/wp-content\/uploads\/2011\/08\/Edital_Brasil-Ucrania_web.pdf\">Edital_Brasil-Ucrania_web<\/a><\/h5>\n<h5>SOBRE O SELO<br \/>\nO selo divulga duas igrejas Crist\u00e3s Ucranianas, uma na cidade de Kyiv, Ucr\u00e2nia, e outra na col\u00f4nia ucraniana Brasileira, na cidade de Mallet, no estado do Paran\u00e1. \u00c0 esquerda, visualiza-se a Catedral de Santa Sofia, com suas c\u00fapulas douradas, de arquitetura bizantina, o primeiro monumento ucraniano inscrito na Lista de Patrim\u00f4nio Mundial da UNESCO. \u00c0 frente, destaca-se o suntuoso Campan\u00e1rio da Catedral com quatro andares. \u00c0 direita, a Igreja de S\u00e3o Miguel Arcanjo, a primeira constru\u00edda no Brasil por imigrantes ucranianos; as paredes s\u00e3o triplas, onde a madeira foi encaixada com pouco uso de pregos, trata-se de um bem hist\u00f3rico, cultural e patrimonial. O contraste das cores, ao fundo, no selo, retratando a noite e o dia, expressa, no conjunto, o relacionamento, a integra\u00e7\u00e3o e o respeito entre os dois pa\u00edses. A cria\u00e7\u00e3o das molduras usadas como acabamento foi inspirada na cultura ucraniana, bem como usado um grafismo decorativo como ornamento do selo, lembrando os bordados, xilogravuras e os tradicionais ovos p\u00eassanka ucranianos. Foram utilizadas as t\u00e9cnicas de desenho gr\u00e1fico e fotografias.<\/h5>\n<h5><a rel=\"lightbox[slb_1712]\" href=\"http:\/\/www.rcub.com.br\/rcub\/wp-content\/uploads\/2011\/08\/p_carimbo_ucrania.3.jpg\"><img loading=\"lazy\" class=\"alignleft size-medium wp-image-1714\" title=\"p_carimbo_ucrania.3\" src=\"http:\/\/www.rcub.com.br\/rcub\/wp-content\/uploads\/2011\/08\/p_carimbo_ucrania.3-212x300.jpg\" alt=\"\" width=\"212\" height=\"300\" srcset=\"http:\/\/www.rcub.com.br\/rcub\/wp-content\/uploads\/2011\/08\/p_carimbo_ucrania.3-212x300.jpg 212w, http:\/\/www.rcub.com.br\/rcub\/wp-content\/uploads\/2011\/08\/p_carimbo_ucrania.3.jpg 422w\" sizes=\"(max-width: 212px) 100vw, 212px\" \/><\/a><a rel=\"lightbox[slb_1712]\" href=\"http:\/\/www.rcub.com.br\/rcub\/wp-content\/uploads\/2011\/08\/p_carimbo_ucrania.MALLET.2.jpg\"><img loading=\"lazy\" class=\"alignright size-medium wp-image-1715\" title=\"p_carimbo_ucrania.MALLET.2\" src=\"http:\/\/www.rcub.com.br\/rcub\/wp-content\/uploads\/2011\/08\/p_carimbo_ucrania.MALLET.2-212x300.jpg\" alt=\"\" width=\"212\" height=\"300\" srcset=\"http:\/\/www.rcub.com.br\/rcub\/wp-content\/uploads\/2011\/08\/p_carimbo_ucrania.MALLET.2-212x300.jpg 212w, http:\/\/www.rcub.com.br\/rcub\/wp-content\/uploads\/2011\/08\/p_carimbo_ucrania.MALLET.2.jpg 422w\" sizes=\"(max-width: 212px) 100vw, 212px\" \/><\/a><\/h5>\n<h5>DETALHES T\u00c9CNICOS<\/h5>\n<h5>Edital n\u00ba 18<\/h5>\n<h5>Fotos: Mem.Nac. Sofia Ky\u00efvska e Gilson Camargo<\/h5>\n<h5>Arte-finaliza\u00e7\u00e3o: Departamento de Filatelia e Produtos<\/h5>\n<h5>Processo de Impress\u00e3o: Ofsete<\/h5>\n<h5>Folha com 25 selos<\/h5>\n<h5>Papel: Cuch\u00ea gomado<\/h5>\n<h5>Valor facial: R$ 2,55<\/h5>\n<h5>Tiragem: 12.000 folhas (300.000 selos)<\/h5>\n<h5>Na mesma data, em Kyiv, na Ucr\u00e2nia, na sede central dos Correios da Ucr\u00e2nia, localizado na Pra\u00e7a da Independ\u00eancia foi lan\u00e7ado o selo comemorativo dos 120 anos da Imigra\u00e7\u00e3o Ucraniana para o Brasil,\u00a0\u00a0 Durante todo o dia centenas de filatelistas e o grupo de 180 descendentes de ucranianos que visitam o pa\u00eds, puderam enviar cartas no dia da Independ\u00eancia com o selo comemorativo da imigra\u00e7\u00e3o.<\/h5>\n<p><a rel=\"lightbox[slb_1712]\" href=\"http:\/\/www.rcub.com.br\/rcub\/wp-content\/uploads\/2011\/08\/04-2.jpg\"><img loading=\"lazy\" class=\"aligncenter size-full wp-image-1912\" title=\"04-2\" src=\"http:\/\/www.rcub.com.br\/rcub\/wp-content\/uploads\/2011\/08\/04-2.jpg\" alt=\"\" width=\"397\" height=\"567\" srcset=\"http:\/\/www.rcub.com.br\/rcub\/wp-content\/uploads\/2011\/08\/04-2.jpg 397w, http:\/\/www.rcub.com.br\/rcub\/wp-content\/uploads\/2011\/08\/04-2-210x300.jpg 210w\" sizes=\"(max-width: 397px) 100vw, 397px\" \/><\/a><\/p>\n<p><a href=\"http:\/\/www.ukrposhta.com\/www\/upost.nsf\/(documents)\/A22D59731E69F600C22578F00049A73E?OpenDocument&amp;year=2011&amp;month=08\">http:\/\/www.ukrposhta.com\/www\/upost.nsf\/(documents)\/A22D59731E69F600C22578F00049A73E?OpenDocument&amp;year=2011&amp;month=08<\/a><\/p>\n","protected":false},"excerpt":{"rendered":"<p>Atendendo solicita\u00e7\u00e3o da Representa\u00e7\u00e3o Central Ucraniano Brasileira os Correios do Brasil editou \u00a0dia 24 de Agosto em Mallet e em Bras\u00edlia o selo comemorativo dos 120 Anos da Imigra\u00e7\u00e3o Ucraniana [&hellip;]<\/p>\n","protected":false},"author":1,"featured_media":1722,"comment_status":"open","ping_status":"open","sticky":false,"template":"","format":"standard","meta":[],"categories":[30],"tags":[22],"_links":{"self":[{"href":"http:\/\/www.rcub.com.br\/rcub\/wp-json\/wp\/v2\/posts\/1712"}],"collection":[{"href":"http:\/\/www.rcub.com.br\/rcub\/wp-json\/wp\/v2\/posts"}],"about":[{"href":"http:\/\/www.rcub.com.br\/rcub\/wp-json\/wp\/v2\/types\/post"}],"author":[{"embeddable":true,"href":"http:\/\/www.rcub.com.br\/rcub\/wp-json\/wp\/v2\/users\/1"}],"replies":[{"embeddable":true,"href":"http:\/\/www.rcub.com.br\/rcub\/wp-json\/wp\/v2\/comments?post=1712"}],"version-history":[{"count":18,"href":"http:\/\/www.rcub.com.br\/rcub\/wp-json\/wp\/v2\/posts\/1712\/revisions"}],"predecessor-version":[{"id":1717,"href":"http:\/\/www.rcub.com.br\/rcub\/wp-json\/wp\/v2\/posts\/1712\/revisions\/1717"}],"wp:featuredmedia":[{"embeddable":true,"href":"http:\/\/www.rcub.com.br\/rcub\/wp-json\/wp\/v2\/media\/1722"}],"wp:attachment":[{"href":"http:\/\/www.rcub.com.br\/rcub\/wp-json\/wp\/v2\/media?parent=1712"}],"wp:term":[{"taxonomy":"category","embeddable":true,"href":"http:\/\/www.rcub.com.br\/rcub\/wp-json\/wp\/v2\/categories?post=1712"},{"taxonomy":"post_tag","embeddable":true,"href":"http:\/\/www.rcub.com.br\/rcub\/wp-json\/wp\/v2\/tags?post=1712"}],"curies":[{"name":"wp","href":"https:\/\/api.w.org\/{rel}","templated":true}]}}