{"id":1287,"date":"2011-07-24T15:50:31","date_gmt":"2011-07-24T18:50:31","guid":{"rendered":"http:\/\/www.rcub.com.br\/rcub\/?p=1287"},"modified":"2011-07-24T23:11:42","modified_gmt":"2011-07-25T02:11:42","slug":"museu-federal-ucraniano-em-prudentopolis-2","status":"publish","type":"post","link":"http:\/\/www.rcub.com.br\/rcub\/museu-federal-ucraniano-em-prudentopolis-2\/","title":{"rendered":"Museu Federal Ucraniano em Prudent\u00f3polis"},"content":{"rendered":"<p>Espa\u00e7os em Curitiba e Prudent\u00f3polis ser\u00e3o constru\u00eddos com or\u00e7amento federal e devem estar prontos at\u00e9 a Copa do Mundo no pa\u00eds<\/p>\n<p>Publicado em 24\/07\/2011  Gazeta do Povo &#8211; Isadora Rupp<br \/>\nAt\u00e9 2014, o Paran\u00e1 deve ganhar dois novos museus em Curitiba e Prudent\u00f3polis, na regi\u00e3o centro-sul do estado. Ambos ser\u00e3o federais e com administra\u00e7\u00e3o do Minist\u00e9rio da Cultura (MinC). As propostas s\u00e3o do Instituto Brasileiro de Museus (Ibram) e a elabora\u00e7\u00e3o dos projetos para instala\u00e7\u00e3o dos museus \u2013 em Curitiba, ser\u00e1 abrigado na ag\u00eancia central dos Correios e, em Prudent\u00f3polis, constru\u00eddo em um terreno que ser\u00e1 doado pela Eletrobr\u00e1s \u2013 devem iniciar ainda neste semestre. A iniciativa parte das a\u00e7\u00f5es previstas pela Pol\u00edtica Nacional de Museus, que pretende ampliar para 50% o n\u00famero de munic\u00edpios brasileiros com um museu \u2013 atualmente, esse n\u00famero \u00e9 de 21%. <\/p>\n<p>Em Prudent\u00f3polis, a ideia \u00e9 fazer o Museu Federal Ucraniano aproveitando acervos existentes na cidade e tamb\u00e9m buscando materiais nos munic\u00edpios do entorno. Segundo o presidente do Ibram, Jos\u00e9 do Nascimento J\u00fanior, o espa\u00e7o ser\u00e1 instalado em um terreno inutilizado que pertence \u00e0 Eletrobr\u00e1s, e que ser\u00e1 doado ainda este ano para abrigar o local. \u201cVamos esperar a doa\u00e7\u00e3o e, a partir da\u00ed, elaborar um projeto. Mas j\u00e1 estive em Prudent\u00f3polis e \u00e9 um terreno consider\u00e1vel, poderemos fazer um museu importante\u201d. Os custos que o museu deve gerar n\u00e3o foram informados pelo \u00f3rg\u00e3o. Nascimento disse que s\u00f3 ter\u00e1 a informa\u00e7\u00e3o quando o projeto estiver finalizado, mas que ambos os museus ter\u00e3o or\u00e7amento federal. O presidente salienta que o museu de Prudent\u00f3polis n\u00e3o deve se concentrar apenas na cultura e coloniza\u00e7\u00e3o ucraniana, mas vai trazer obras que dialogam com os imigrantes que continuam aqui. \u201cQueremos valorizar esse campo \u00e9tnico t\u00e3o importante na coloniza\u00e7\u00e3o do Paran\u00e1 e do sul do Brasil\u201d. <\/p>\n<p><a rel=\"lightbox[slb_1287]\" href=\"http:\/\/www.rcub.com.br\/rcub\/wp-content\/uploads\/2011\/07\/angelovanhoni_foto_gilsoncamargo.jpg\"><img loading=\"lazy\" src=\"http:\/\/www.rcub.com.br\/rcub\/wp-content\/uploads\/2011\/07\/angelovanhoni_foto_gilsoncamargo-199x300.jpg\" alt=\"\" title=\"angelovanhoni_foto_gilsoncamargo\" width=\"199\" height=\"300\" class=\"alignnone size-medium wp-image-1320\" srcset=\"http:\/\/www.rcub.com.br\/rcub\/wp-content\/uploads\/2011\/07\/angelovanhoni_foto_gilsoncamargo-199x300.jpg 199w, http:\/\/www.rcub.com.br\/rcub\/wp-content\/uploads\/2011\/07\/angelovanhoni_foto_gilsoncamargo-610x918.jpg 610w, http:\/\/www.rcub.com.br\/rcub\/wp-content\/uploads\/2011\/07\/angelovanhoni_foto_gilsoncamargo.jpg 650w\" sizes=\"(max-width: 199px) 100vw, 199px\" \/><\/a><\/p>\n<p>Segundo o deputado \u00c2ngelo Vanhoni (PT), que \u00e9 suplente das comiss\u00f5es de educa\u00e7\u00e3o e cultura e deve ajudar a \u201cpatrocinar\u201d os projetos criando emendas parlamentares que destinem mais verbas para o or\u00e7amento da \u00e1rea cultural, a implanta\u00e7\u00e3o de um museu em Prudent\u00f3polis integra um conjunto de a\u00e7\u00f5es do governo federal na regi\u00e3o, como a restaura\u00e7\u00e3o de igrejas. No munic\u00edpio de Mallet, a reforma da igreja na cidade custou R$ 1,3 milh\u00f5es e teve verba do Instituto do Patrim\u00f4nio Hist\u00f3rico Art\u00edstico Nacional (Iphan), Caixa Econ\u00f4mica e Banco Nacional de Desenvolvimento Econ\u00f4mico e Social (BNDES). \u201cS\u00e3o cidades que preservam a l\u00edngua e que t\u00eam uma juventude integrada com o folclore ucraniano e polon\u00eas. Um museu deste porte ser\u00e1 de extrema import\u00e2ncia\u201d. <\/p>\n<p>Correios<\/p>\n<p>Em Curitiba, parte dos 4 mil metros quadrados da sede central dos Correios, popularmente conhecida como \u201cCorreio velho\u201d, abrigar\u00e1 o Museu Nacional da Poesia Paulo Leminski, que centralizar\u00e1 o material dispon\u00edvel sobre o poeta, trar\u00e1 outros nomes da poesia nacional e deve ser interativo, nos moldes do Museu da L\u00edngua Portuguesa, em S\u00e3o Paulo. <\/p>\n<p>O pr\u00e9dio, inaugurado em 1934, est\u00e1 subutilizado desde 1998, com a mudan\u00e7a da sede para a Rua Jo\u00e3o Negr\u00e3o. Desde ent\u00e3o, o local abriga somente o atendimento aos clientes no t\u00e9rreo e utiliza poucas salas para guardar materiais ou separar uniformes antigos, que s\u00e3o destinados para projetos sociais. <\/p>\n<p>O diretor regional dos Correios no Paran\u00e1, Areovaldo Alves de Figueiredo, afirma que, em 15 dias, ser\u00e1 assinado um termo de compromisso entre os Correios e o Ibram para a cess\u00e3o do espa\u00e7o. A partir de ent\u00e3o, come\u00e7a o planejamento do museu, com detalhes como o tamanho, espa\u00e7o ocupado dentro da ag\u00eancia e a tecnologia necess\u00e1ria. Junto com a montagem do espa\u00e7o, os Correios iniciar\u00e3o, ainda neste semestre, a revitaliza\u00e7\u00e3o do pr\u00e9dio na Pra\u00e7a Santos Andrade, que custar\u00e1 R$ 4 milh\u00f5es \u2013 verba da pr\u00f3pria institui\u00e7\u00e3o. Al\u00e9m de refazer toda a parte el\u00e9trica e hidr\u00e1ulica, j\u00e1 que o local sofre com infiltra\u00e7\u00f5es, a ideia \u00e9 dar funcionalidade ao espa\u00e7o, mantendo a ag\u00eancia e os servi\u00e7os de Correios, mas abrigando o museu; h\u00e1 tamb\u00e9m a inten\u00e7\u00e3o de abrir um caf\u00e9. <\/p>\n<p>A obra vai retomar o terra\u00e7o original, em cima da ag\u00eancia \u2013 que ser\u00e1 aberto para visita\u00e7\u00e3o \u2013, a fachada e uma c\u00fapula de vidro que foi cimentada nos anos 80. Ser\u00e3o mantidas as caracter\u00edsticas originais do pr\u00e9dio, como o piso no t\u00e9rreo e o m\u00e1rmore dos corrim\u00f5es das escadas. Al\u00e9m do museu, uma das salas poder\u00e1 ser usada para abrigar um cinema.\u201cCoversamos com a Funda\u00e7\u00e3o Cultural [de Curitiba] e deixamos o local aberto para outras ideias\u201d, diz o diretor. <\/p>\n<p>Inicialmente, com o projeto do restauro, veio a inten\u00e7\u00e3o de fazer um museu, mas somente com material dos Correios. \u201cVimos que a poesia tem muito a ver com a carta e que fazer um museu est\u00e1tico seria limitado. O novo espa\u00e7o vai ajudar a trazer uma nova din\u00e2mica para o centro, que hoje quase n\u00e3o tem op\u00e7\u00f5es culturais\u201d, salienta Figueiredo. <\/p>\n<p>A expectativa \u00e9 de que as obras de restaura\u00e7\u00e3o do pr\u00e9dio tenham in\u00edcio em novembro, com dura\u00e7\u00e3o de 12 meses, e que o museu seja inaugurado, no m\u00e1ximo, at\u00e9 2013, ano que os Correios completam 350 anos.<br \/>\n<a rel=\"lightbox[slb_1287]\" href=\"http:\/\/www.rcub.com.br\/rcub\/wp-content\/uploads\/2011\/07\/museu-prudent\u00f3polis1.jpg\"><img loading=\"lazy\" src=\"http:\/\/www.rcub.com.br\/rcub\/wp-content\/uploads\/2011\/07\/museu-prudent\u00f3polis1.jpg\" alt=\"\" title=\"museu prudent\u00f3polis\" width=\"255\" height=\"186\" class=\"aligncenter size-full wp-image-1362\" srcset=\"http:\/\/www.rcub.com.br\/rcub\/wp-content\/uploads\/2011\/07\/museu-prudent\u00f3polis1.jpg 255w, http:\/\/www.rcub.com.br\/rcub\/wp-content\/uploads\/2011\/07\/museu-prudent\u00f3polis1-130x94.jpg 130w\" sizes=\"(max-width: 255px) 100vw, 255px\" \/><\/a><\/p>\n","protected":false},"excerpt":{"rendered":"<p>Espa\u00e7os em Curitiba e Prudent\u00f3polis ser\u00e3o constru\u00eddos com or\u00e7amento federal e devem estar prontos at\u00e9 a Copa do Mundo no pa\u00eds Publicado em 24\/07\/2011 Gazeta do Povo &#8211; Isadora Rupp [&hellip;]<\/p>\n","protected":false},"author":1,"featured_media":1367,"comment_status":"open","ping_status":"open","sticky":false,"template":"","format":"standard","meta":[],"categories":[1],"tags":[33,22],"_links":{"self":[{"href":"http:\/\/www.rcub.com.br\/rcub\/wp-json\/wp\/v2\/posts\/1287"}],"collection":[{"href":"http:\/\/www.rcub.com.br\/rcub\/wp-json\/wp\/v2\/posts"}],"about":[{"href":"http:\/\/www.rcub.com.br\/rcub\/wp-json\/wp\/v2\/types\/post"}],"author":[{"embeddable":true,"href":"http:\/\/www.rcub.com.br\/rcub\/wp-json\/wp\/v2\/users\/1"}],"replies":[{"embeddable":true,"href":"http:\/\/www.rcub.com.br\/rcub\/wp-json\/wp\/v2\/comments?post=1287"}],"version-history":[{"count":11,"href":"http:\/\/www.rcub.com.br\/rcub\/wp-json\/wp\/v2\/posts\/1287\/revisions"}],"predecessor-version":[{"id":1317,"href":"http:\/\/www.rcub.com.br\/rcub\/wp-json\/wp\/v2\/posts\/1287\/revisions\/1317"}],"wp:featuredmedia":[{"embeddable":true,"href":"http:\/\/www.rcub.com.br\/rcub\/wp-json\/wp\/v2\/media\/1367"}],"wp:attachment":[{"href":"http:\/\/www.rcub.com.br\/rcub\/wp-json\/wp\/v2\/media?parent=1287"}],"wp:term":[{"taxonomy":"category","embeddable":true,"href":"http:\/\/www.rcub.com.br\/rcub\/wp-json\/wp\/v2\/categories?post=1287"},{"taxonomy":"post_tag","embeddable":true,"href":"http:\/\/www.rcub.com.br\/rcub\/wp-json\/wp\/v2\/tags?post=1287"}],"curies":[{"name":"wp","href":"https:\/\/api.w.org\/{rel}","templated":true}]}}